{"id":64066,"date":"2021-04-05T15:55:48","date_gmt":"2021-04-05T20:55:48","guid":{"rendered":"http:\/\/globalnewsmexico.com\/sitio\/?p=64066"},"modified":"2021-04-05T15:55:54","modified_gmt":"2021-04-05T20:55:54","slug":"otorgan-amparo-a-exgobernador-de-nayarit-para-acceder-a-investigacion-en-su-contra","status":"publish","type":"post","link":"https:\/\/globalnewsmexico.com\/sitio\/otorgan-amparo-a-exgobernador-de-nayarit-para-acceder-a-investigacion-en-su-contra\/","title":{"rendered":"Otorgan amparo a exgobernador de Nayarit para acceder a investigaci\u00f3n en su contra"},"content":{"rendered":"\n<p>Un juez federal otorg\u00f3 un amparo al\u00a0exgobernador de Nayarit, Roberto Sandoval Casta\u00f1eda, sentencia que ordena a la Fiscal\u00eda General de la Rep\u00fablica (FGR) entregar una copia certificada de la carpeta de investigaci\u00f3n iniciada en su contra.<\/p>\n\n\n\n<p>Octavio Mej\u00eda Ojeda, juez Tercero de Distrito de Amparo en Materia Penal, determin\u00f3 que la actuaci\u00f3n del agente del Ministerio P\u00fablico Federal resulta violatoria del derecho fundamental a contar con una defensa adecuada consagrada en el art\u00edculo 20 constitucional.<\/p>\n\n\n\n<p>Lo anterior, porque al tener la calidad de imputado en la carpeta, se le neg\u00f3 la copia a su defensor desde principios de 2020.<\/p>\n\n\n\n<p>Por este motivo, el juzgador orden\u00f3 dejar sin efectos dicha determinaci\u00f3n y que se emita una nueva mediante la cual, de no existir un impedimento legal, expida la copia certificada de la carpeta de investigaci\u00f3n, misma que fue solicitada el 22 de enero y 11 de febrero, ambos de 2020.<\/p>\n\n\n\n<p>En enero,\u00a0un juez federal orden\u00f3 la aprehensi\u00f3n del exgobernador y de su hija Lidy Alejandra Sandoval L\u00f3pez, por su presunta responsabilidad en el delito de operaciones con recursos de procedencia il\u00edcita, en agravio de las finanzas p\u00fablicas de la entidad que encabez\u00f3.<\/p>\n\n\n\n<p>Esta es la primera orden de captura que obtuvo la FGR contra el exmandatario estatal.\u00a0Por su parte, la Subprocuradur\u00eda Especializada en Investigaci\u00f3n de Delincuencia Organizada (Seido) tambi\u00e9n tiene en curso otra indagatoria contra ambas personas, por presuntos delitos de\u00a0delincuencia organizada, seg\u00fan funcionarios federales.<\/p>\n\n\n\n<p>En 2019, Estados Unidos se\u00f1al\u00f3 al ex gobernador Sandoval Casta\u00f1eda de estar vinculado al\u00a0C\u00e1rtel Jalisco Nueva Generaci\u00f3n\u00a0(CJNG).<\/p>\n\n\n\n<p>Durante su gesti\u00f3n como gobernador, de 2011 a 2017, a Roberto Sandoval se le relacion\u00f3 con actividades il\u00edcitas en conjunto con el fiscal nayarita,\u00a0\u00c9dgar Veytia Cambero, como narcotr\u00e1fico, secuestro, extorsi\u00f3n, despojo, robo, amenazas, enriquecimiento il\u00edcito y asesinato.<\/p>\n\n\n\n<p>Seg\u00fan las pesquisas, Roberto Sandoval se hac\u00eda de propiedades que en algunos casos probablemente estaban a nombre de su hija, pero ella no ten\u00eda forma de cubrir ese tipo de gastos toda vez que era una estudiante universitaria.<\/p>\n\n\n\n<p>La orden de aprehensi\u00f3n contra Roberto Sandoval y su hija fue otorgada a la FGR por un juez de control del Centro de Justicia Penal Federal con residencia en Nayarit.<\/p>\n\n\n\n<p>\u00c9dgar Veytia Cambero, actualmente est\u00e1 preso en la Uni\u00f3n Americana por narcotr\u00e1fico. El ex fiscal ten\u00eda nexos con\u00a0Juan Francisco Patr\u00f3n S\u00e1nchez, &#8216;El H2&#8217;, uno de los l\u00edderes del\u00a0c\u00e1rtel de los Beltr\u00e1n Leyva,\u00a0quien fue abatido por las Fuerzas Especiales de la Secretar\u00eda de Marina en febrero de 2017.<\/p>\n\n\n\n<p>Fuente: Milenio<\/p>\n","protected":false},"excerpt":{"rendered":"<p>Un juez federal otorg\u00f3 un amparo al\u00a0exgobernador de Nayarit, Roberto Sandoval Casta\u00f1eda, sentencia que ordena a la Fiscal\u00eda General de la Rep\u00fablica (FGR) entregar una copia certificada de la carpeta de investigaci\u00f3n iniciada en su contra. Octavio Mej\u00eda Ojeda, juez Tercero de Distrito de Amparo en Materia Penal, determin\u00f3 que la actuaci\u00f3n del agente del<a class=\"read-more\" href=\"https:\/\/globalnewsmexico.com\/sitio\/otorgan-amparo-a-exgobernador-de-nayarit-para-acceder-a-investigacion-en-su-contra\/\">Leer m\u00e1s<\/a><\/p>\n","protected":false},"author":5,"featured_media":64067,"comment_status":"closed","ping_status":"open","sticky":false,"template":"","format":"standard","meta":{"spay_email":"","footnotes":""},"categories":[37,8,49,52],"tags":[],"jetpack_featured_media_url":"https:\/\/i2.wp.com\/globalnewsmexico.com\/sitio\/wp-content\/uploads\/2021\/04\/roberto-sandoval-ex-gobernador-de-1.jpeg?fit=958%2C596&ssl=1","jetpack_sharing_enabled":true,"jetpack_shortlink":"https:\/\/wp.me\/p9yqPL-gFk","jetpack_likes_enabled":true,"_links":{"self":[{"href":"https:\/\/globalnewsmexico.com\/sitio\/wp-json\/wp\/v2\/posts\/64066"}],"collection":[{"href":"https:\/\/globalnewsmexico.com\/sitio\/wp-json\/wp\/v2\/posts"}],"about":[{"href":"https:\/\/globalnewsmexico.com\/sitio\/wp-json\/wp\/v2\/types\/post"}],"author":[{"embeddable":true,"href":"https:\/\/globalnewsmexico.com\/sitio\/wp-json\/wp\/v2\/users\/5"}],"replies":[{"embeddable":true,"href":"https:\/\/globalnewsmexico.com\/sitio\/wp-json\/wp\/v2\/comments?post=64066"}],"version-history":[{"count":0,"href":"https:\/\/globalnewsmexico.com\/sitio\/wp-json\/wp\/v2\/posts\/64066\/revisions"}],"wp:featuredmedia":[{"embeddable":true,"href":"https:\/\/globalnewsmexico.com\/sitio\/wp-json\/wp\/v2\/media\/64067"}],"wp:attachment":[{"href":"https:\/\/globalnewsmexico.com\/sitio\/wp-json\/wp\/v2\/media?parent=64066"}],"wp:term":[{"taxonomy":"category","embeddable":true,"href":"https:\/\/globalnewsmexico.com\/sitio\/wp-json\/wp\/v2\/categories?post=64066"},{"taxonomy":"post_tag","embeddable":true,"href":"https:\/\/globalnewsmexico.com\/sitio\/wp-json\/wp\/v2\/tags?post=64066"}],"curies":[{"name":"wp","href":"https:\/\/api.w.org\/{rel}","templated":true}]}}