{"id":64145,"date":"2021-04-07T10:31:27","date_gmt":"2021-04-07T15:31:27","guid":{"rendered":"http:\/\/globalnewsmexico.com\/sitio\/?p=64145"},"modified":"2021-04-07T10:31:39","modified_gmt":"2021-04-07T15:31:39","slug":"felix-salgado-macedonio-descarta-intimidacion-al-ine-protesta-frente-al-tepjf","status":"publish","type":"post","link":"https:\/\/globalnewsmexico.com\/sitio\/felix-salgado-macedonio-descarta-intimidacion-al-ine-protesta-frente-al-tepjf\/","title":{"rendered":"F\u00e9lix Salgado Macedonio descarta intimidaci\u00f3n al INE; protesta frente al TEPJF"},"content":{"rendered":"\n<p>F\u00e9lix Salgado Macedonio,\u00a0aspirante de Morena a la gubernatura de Guerrero, descart\u00f3 que sus protestas sean un acto de\u00a0intimidaci\u00f3n al Instituto Nacional Electoral (INE) y\u00a0asegur\u00f3 que el honor del Tribunal Electoral del Poder Judicial de la Federaci\u00f3n (TEPJF) est\u00e1 en juego con la resoluci\u00f3n de su\u00a0candidatura a la gubernatura de Guerrero,\u00a0la cual le fue retirada.<\/p>\n\n\n\n<p>Ante las acusaciones de que las\u00a0protestas son una intimidaci\u00f3n al INE, Salgado Macedonio respondi\u00f3 que \u201cde ninguna manera, nada de eso, aqu\u00ed es conforme a derecho y yo tengo todo el derecho de manifestarme, de expresarme, ya solo faltaba que eso me quitaran\u201d.<\/p>\n\n\n\n<p>Antes de trasladarse del campamento instalado al exterior del INE al TEPJF, a donde lleg\u00f3 alrededor de las 9 de la ma\u00f1ana, el senador con licencia reiter\u00f3 que no hay elementos para que le nieguen la\u00a0restituci\u00f3n de su candidatura.<\/p>\n\n\n\n<p>Acompa\u00f1ado de Mario Delgado, dirigente nacional de Morena, ambos coincidieron en que no hay un plan B para el abanderado de este partido para la gubernatura de Guerrero, en caso de que el TEPJF no devuelva la candidatura.<\/p>\n\n\n\n<p>Salgado Macedonio y Delgado se trasladaron en un autob\u00fas desde el exterior del INE al Tribunal Electoral del Poder Judicial de la Federaci\u00f3n, donde realizar\u00e1n un nuevo pronunciamiento.&nbsp;<\/p>\n\n\n\n<p>Ayer,\u00a0F\u00e9lix Salgado Macedonio asegur\u00f3 que si no es candidato en el estado, el\u00a0INE debe caer, ya que no hay ninguna raz\u00f3n por la que le puedan quitar la candidatura.\u00a0<\/p>\n\n\n\n<p>\u00abSi no soy candidato en Guerrero, ellos van a caer. El INE no responde ya a los ciudadanos; este INE debe ser cerrado por los ciudadanos y que se convierta (el edificio) en un hospital de tercer nivel y no se gasten los millones de pesos. No tienen autoridad moral\u00bb, dijo en entrevista con Azucena Uresti, para Milenio Televisi\u00f3n.<\/p>\n\n\n\n<p>Fuente: Milenio<\/p>\n","protected":false},"excerpt":{"rendered":"<p>F\u00e9lix Salgado Macedonio,\u00a0aspirante de Morena a la gubernatura de Guerrero, descart\u00f3 que sus protestas sean un acto de\u00a0intimidaci\u00f3n al Instituto Nacional Electoral (INE) y\u00a0asegur\u00f3 que el honor del Tribunal Electoral del Poder Judicial de la Federaci\u00f3n (TEPJF) est\u00e1 en juego con la resoluci\u00f3n de su\u00a0candidatura a la gubernatura de Guerrero,\u00a0la cual le fue retirada. Ante<a class=\"read-more\" href=\"https:\/\/globalnewsmexico.com\/sitio\/felix-salgado-macedonio-descarta-intimidacion-al-ine-protesta-frente-al-tepjf\/\">Leer m\u00e1s<\/a><\/p>\n","protected":false},"author":5,"featured_media":64146,"comment_status":"closed","ping_status":"open","sticky":false,"template":"","format":"standard","meta":{"spay_email":"","footnotes":""},"categories":[37,8,49,52],"tags":[],"jetpack_featured_media_url":"https:\/\/i1.wp.com\/globalnewsmexico.com\/sitio\/wp-content\/uploads\/2021\/04\/felix-salgado-macedonio-izquierda-mario.jpg?fit=958%2C596&ssl=1","jetpack_sharing_enabled":true,"jetpack_shortlink":"https:\/\/wp.me\/p9yqPL-gGB","jetpack_likes_enabled":true,"_links":{"self":[{"href":"https:\/\/globalnewsmexico.com\/sitio\/wp-json\/wp\/v2\/posts\/64145"}],"collection":[{"href":"https:\/\/globalnewsmexico.com\/sitio\/wp-json\/wp\/v2\/posts"}],"about":[{"href":"https:\/\/globalnewsmexico.com\/sitio\/wp-json\/wp\/v2\/types\/post"}],"author":[{"embeddable":true,"href":"https:\/\/globalnewsmexico.com\/sitio\/wp-json\/wp\/v2\/users\/5"}],"replies":[{"embeddable":true,"href":"https:\/\/globalnewsmexico.com\/sitio\/wp-json\/wp\/v2\/comments?post=64145"}],"version-history":[{"count":0,"href":"https:\/\/globalnewsmexico.com\/sitio\/wp-json\/wp\/v2\/posts\/64145\/revisions"}],"wp:featuredmedia":[{"embeddable":true,"href":"https:\/\/globalnewsmexico.com\/sitio\/wp-json\/wp\/v2\/media\/64146"}],"wp:attachment":[{"href":"https:\/\/globalnewsmexico.com\/sitio\/wp-json\/wp\/v2\/media?parent=64145"}],"wp:term":[{"taxonomy":"category","embeddable":true,"href":"https:\/\/globalnewsmexico.com\/sitio\/wp-json\/wp\/v2\/categories?post=64145"},{"taxonomy":"post_tag","embeddable":true,"href":"https:\/\/globalnewsmexico.com\/sitio\/wp-json\/wp\/v2\/tags?post=64145"}],"curies":[{"name":"wp","href":"https:\/\/api.w.org\/{rel}","templated":true}]}}