{"id":64170,"date":"2021-04-07T14:55:23","date_gmt":"2021-04-07T19:55:23","guid":{"rendered":"http:\/\/globalnewsmexico.com\/sitio\/?p=64170"},"modified":"2021-04-07T14:55:28","modified_gmt":"2021-04-07T19:55:28","slug":"pri-denuncia-amenazas-contra-candidato-a-la-alcaldia-de-carlos-a-carrillo","status":"publish","type":"post","link":"https:\/\/globalnewsmexico.com\/sitio\/pri-denuncia-amenazas-contra-candidato-a-la-alcaldia-de-carlos-a-carrillo\/","title":{"rendered":"PRI denuncia amenazas contra candidato a la alcald\u00eda de Carlos A. Carrillo"},"content":{"rendered":"\n<p>El Partido Revolucionario Institucional (PRI) denunci\u00f3 amenazas en contra del candidato a la alcald\u00eda de Carlos A. Carrillo, Veracruz, Onan Hern\u00e1ndez.<\/p>\n\n\n\n<p>El dirigente del tricolor, Marlon Ram\u00edrez Mar\u00edn, hizo un llamado al Gobierno del Estado a reforzar las acciones de seguridad hacia la poblaci\u00f3n en general, pues se est\u00e1n incrementando las llamadas de amenaza e intimidaci\u00f3n a los actores pol\u00edticos.<\/p>\n\n\n\n<p>El l\u00edder consider\u00f3 que el esfuerzo que hace el Gobierno es insuficiente, en las \u00faltimas 24 horas se registraron dos incidentes de agresi\u00f3n a un alcalde en funciones y a un abanderado de la oposici\u00f3n.<\/p>\n\n\n\n<p>\u201cLe hago un exhorto al Gobierno de Veracruz, hoy en la ma\u00f1ana recib\u00ed una llamada de nuestro candidato a la presidencia municipal de Carlos A. Carrillo, Onan Hern\u00e1ndez, de que fue agredido en su propiedad, con mensajes de que se retire de la contienda\u201d, expuso.<\/p>\n\n\n\n<p>Este 6 de abril se registr\u00f3 la agresi\u00f3n a la casa del alcalde de Chinameca, Jos\u00e9 Antonio Carmona Trolle, quien solicit\u00f3 la intervenci\u00f3n del Ej\u00e9rcito Mexicano en su municipio, luego de que sujetos armados a bordo de una motocicleta balearon su casa.<\/p>\n\n\n\n<p>Fuente: Xeu Noticias<\/p>\n","protected":false},"excerpt":{"rendered":"<p>El Partido Revolucionario Institucional (PRI) denunci\u00f3 amenazas en contra del candidato a la alcald\u00eda de Carlos A. Carrillo, Veracruz, Onan Hern\u00e1ndez. El dirigente del tricolor, Marlon Ram\u00edrez Mar\u00edn, hizo un llamado al Gobierno del Estado a reforzar las acciones de seguridad hacia la poblaci\u00f3n en general, pues se est\u00e1n incrementando las llamadas de amenaza e<a class=\"read-more\" href=\"https:\/\/globalnewsmexico.com\/sitio\/pri-denuncia-amenazas-contra-candidato-a-la-alcaldia-de-carlos-a-carrillo\/\">Leer m\u00e1s<\/a><\/p>\n","protected":false},"author":5,"featured_media":64171,"comment_status":"closed","ping_status":"open","sticky":false,"template":"","format":"standard","meta":{"spay_email":"","footnotes":""},"categories":[37,8,50,52],"tags":[],"jetpack_featured_media_url":"https:\/\/i2.wp.com\/globalnewsmexico.com\/sitio\/wp-content\/uploads\/2021\/04\/1152318.jpg?fit=1024%2C683&ssl=1","jetpack_sharing_enabled":true,"jetpack_shortlink":"https:\/\/wp.me\/p9yqPL-gH0","jetpack_likes_enabled":true,"_links":{"self":[{"href":"https:\/\/globalnewsmexico.com\/sitio\/wp-json\/wp\/v2\/posts\/64170"}],"collection":[{"href":"https:\/\/globalnewsmexico.com\/sitio\/wp-json\/wp\/v2\/posts"}],"about":[{"href":"https:\/\/globalnewsmexico.com\/sitio\/wp-json\/wp\/v2\/types\/post"}],"author":[{"embeddable":true,"href":"https:\/\/globalnewsmexico.com\/sitio\/wp-json\/wp\/v2\/users\/5"}],"replies":[{"embeddable":true,"href":"https:\/\/globalnewsmexico.com\/sitio\/wp-json\/wp\/v2\/comments?post=64170"}],"version-history":[{"count":0,"href":"https:\/\/globalnewsmexico.com\/sitio\/wp-json\/wp\/v2\/posts\/64170\/revisions"}],"wp:featuredmedia":[{"embeddable":true,"href":"https:\/\/globalnewsmexico.com\/sitio\/wp-json\/wp\/v2\/media\/64171"}],"wp:attachment":[{"href":"https:\/\/globalnewsmexico.com\/sitio\/wp-json\/wp\/v2\/media?parent=64170"}],"wp:term":[{"taxonomy":"category","embeddable":true,"href":"https:\/\/globalnewsmexico.com\/sitio\/wp-json\/wp\/v2\/categories?post=64170"},{"taxonomy":"post_tag","embeddable":true,"href":"https:\/\/globalnewsmexico.com\/sitio\/wp-json\/wp\/v2\/tags?post=64170"}],"curies":[{"name":"wp","href":"https:\/\/api.w.org\/{rel}","templated":true}]}}