{"id":64180,"date":"2021-04-07T18:50:34","date_gmt":"2021-04-07T23:50:34","guid":{"rendered":"http:\/\/globalnewsmexico.com\/sitio\/?p=64180"},"modified":"2021-04-07T18:50:44","modified_gmt":"2021-04-07T23:50:44","slug":"entramos-a-la-segunda-ola-presidente-de-argentina-decreta-restricciones-por-covid-19","status":"publish","type":"post","link":"https:\/\/globalnewsmexico.com\/sitio\/entramos-a-la-segunda-ola-presidente-de-argentina-decreta-restricciones-por-covid-19\/","title":{"rendered":"\u00abEntramos a la segunda ola\u00bb; presidente de Argentina decreta restricciones por Covid-19"},"content":{"rendered":"\n<p>El presidente de Argentina,\u00a0Alberto Fern\u00e1ndez,\u00a0anunci\u00f3 este mi\u00e9rcoles nuevas restricciones a diversas actividades y a la circulaci\u00f3n de personas\u00a0para hacer frente a la segunda ola de Covid-19 en el pa\u00eds, donde los casos del nuevo coronavirus han sido hoy r\u00e9cord.<\/p>\n\n\n\n<p>\u00abArgentina entr\u00f3 en la segunda ola [&#8230;] vamos a redoblar los cuidados\u00bb,\u00a0afirm\u00f3 Fern\u00e1ndez en un mensaje grabado desde los jardines de la residencia presidencial de Olivos, donde permanece aislado desde el viernes pasado,\u00a0tras ser diagnosticado con Covid-19.<\/p>\n\n\n\n<p>La circulaci\u00f3n nocturna quedar\u00e1 prohibida en Argentina desde el viernes pr\u00f3ximo y durante las pr\u00f3ximas tres semanas, una medida que se aplica por primera vez en el pa\u00eds ante el aumento exponencial de casos de Covid-19, y\u00a0estar\u00e1n vigentes desde el pr\u00f3ximo viernes y hasta el 30 de abril.<\/p>\n\n\n\n<p>\u00abSe proh\u00edbe la circulaci\u00f3n entre las 00:00 y las 06:00 de la ma\u00f1ana de cada d\u00eda. Seg\u00fan las jurisdicciones, las autoridades podr\u00e1n solo ampliar estos horarios en funci\u00f3n de las especificidades de cada lugar\u00bb, dijo el mandatario.<\/p>\n\n\n\n<p>Argentina registr\u00f3 este mi\u00e9rcoles su nuevo r\u00e9cord hist\u00f3rico de contagios por Covid-19, con 22 mil 39 positivos en un solo d\u00eda, la mayor\u00eda, 11 mil 59, en la provincia de\u00a0Buenos Aires.\u00a0<\/p>\n\n\n\n<p>Seg\u00fan los \u00faltimos datos proporcionados por el\u00a0Ministerio de Salud,\u00a0actualmente 218 mil 611 cursan la enfermedad en todo el pa\u00eds y 2 millones 174 mil 625 ya se recuperaron desde que se detect\u00f3 el primer caso en marzo de 2020.\u00a0Un total de 199 personas fallecieron en el \u00faltimo d\u00eda y 56 mil 832 lo han hecho desde el comienzo de la pandemia.<\/p>\n\n\n\n<p>Fuente: Agencias<\/p>\n","protected":false},"excerpt":{"rendered":"<p>El presidente de Argentina,\u00a0Alberto Fern\u00e1ndez,\u00a0anunci\u00f3 este mi\u00e9rcoles nuevas restricciones a diversas actividades y a la circulaci\u00f3n de personas\u00a0para hacer frente a la segunda ola de Covid-19 en el pa\u00eds, donde los casos del nuevo coronavirus han sido hoy r\u00e9cord. \u00abArgentina entr\u00f3 en la segunda ola [&#8230;] vamos a redoblar los cuidados\u00bb,\u00a0afirm\u00f3 Fern\u00e1ndez en un mensaje<a class=\"read-more\" href=\"https:\/\/globalnewsmexico.com\/sitio\/entramos-a-la-segunda-ola-presidente-de-argentina-decreta-restricciones-por-covid-19\/\">Leer m\u00e1s<\/a><\/p>\n","protected":false},"author":5,"featured_media":64181,"comment_status":"closed","ping_status":"open","sticky":false,"template":"","format":"standard","meta":{"spay_email":"","footnotes":""},"categories":[37,8,48,52],"tags":[],"jetpack_featured_media_url":"https:\/\/i1.wp.com\/globalnewsmexico.com\/sitio\/wp-content\/uploads\/2021\/04\/coronavirus-argentina-mil-casos-miercoles_0_56_1024_637.jpg?fit=958%2C596&ssl=1","jetpack_sharing_enabled":true,"jetpack_shortlink":"https:\/\/wp.me\/p9yqPL-gHa","jetpack_likes_enabled":true,"_links":{"self":[{"href":"https:\/\/globalnewsmexico.com\/sitio\/wp-json\/wp\/v2\/posts\/64180"}],"collection":[{"href":"https:\/\/globalnewsmexico.com\/sitio\/wp-json\/wp\/v2\/posts"}],"about":[{"href":"https:\/\/globalnewsmexico.com\/sitio\/wp-json\/wp\/v2\/types\/post"}],"author":[{"embeddable":true,"href":"https:\/\/globalnewsmexico.com\/sitio\/wp-json\/wp\/v2\/users\/5"}],"replies":[{"embeddable":true,"href":"https:\/\/globalnewsmexico.com\/sitio\/wp-json\/wp\/v2\/comments?post=64180"}],"version-history":[{"count":0,"href":"https:\/\/globalnewsmexico.com\/sitio\/wp-json\/wp\/v2\/posts\/64180\/revisions"}],"wp:featuredmedia":[{"embeddable":true,"href":"https:\/\/globalnewsmexico.com\/sitio\/wp-json\/wp\/v2\/media\/64181"}],"wp:attachment":[{"href":"https:\/\/globalnewsmexico.com\/sitio\/wp-json\/wp\/v2\/media?parent=64180"}],"wp:term":[{"taxonomy":"category","embeddable":true,"href":"https:\/\/globalnewsmexico.com\/sitio\/wp-json\/wp\/v2\/categories?post=64180"},{"taxonomy":"post_tag","embeddable":true,"href":"https:\/\/globalnewsmexico.com\/sitio\/wp-json\/wp\/v2\/tags?post=64180"}],"curies":[{"name":"wp","href":"https:\/\/api.w.org\/{rel}","templated":true}]}}