{"id":64203,"date":"2021-04-08T09:43:34","date_gmt":"2021-04-08T14:43:34","guid":{"rendered":"http:\/\/globalnewsmexico.com\/sitio\/?p=64203"},"modified":"2021-04-08T09:43:37","modified_gmt":"2021-04-08T14:43:37","slug":"tras-incendio-refineria-de-pemex-en-minatitlan-se-encuentra-fuera-de-operacion","status":"publish","type":"post","link":"https:\/\/globalnewsmexico.com\/sitio\/tras-incendio-refineria-de-pemex-en-minatitlan-se-encuentra-fuera-de-operacion\/","title":{"rendered":"Tras incendio, refiner\u00eda de Pemex en Minatitl\u00e1n se encuentra fuera de operaci\u00f3n"},"content":{"rendered":"\n<p>La refiner\u00eda\u00a0L\u00e1zaro C\u00e1rdenas\u00a0de\u00a0Pemex, en\u00a0Minatitl\u00e1n,\u00a0se encuentra fuera de operaci\u00f3n, luego de la\u00a0explosi\u00f3n e incendio en el \u00e1rea de transferencia de gasolina\u00a0que consumi\u00f3 adem\u00e1s un tanque de almacenamiento de combustible.<\/p>\n\n\n\n<p>La secretaria de\u00a0Energ\u00eda, Roc\u00edo Nalhe, confirm\u00f3 en entrevista esta madrugada al salir de las instalaciones de la planta que por seguridad la refiner\u00eda no estar\u00e1 operando.<\/p>\n\n\n\n<p>\u201cLa refiner\u00eda est\u00e1 fuera de operaci\u00f3n, se saca por seguridad y ma\u00f1ana los ingenieros de\u00a0Pemex\u00a0van a hacer el an\u00e1lisis de la infraestructura que est\u00e1 da\u00f1ada en el tanque\u201d, dijo.<\/p>\n\n\n\n<p>A pesar de que tres horas despu\u00e9s de iniciado el incendio,\u00a0Pemex\u00a0inform\u00f3 que estaba controlado y que hab\u00eda siete lesionados, el fuego se reactiv\u00f3 con fuerza en un tanque donde quedaba residuos y parte de la tuber\u00eda.<\/p>\n\n\n\n<p>Fue\u00a0hasta la una de la madrugada casi cuando lograron extinguir las llamas\u00a0en el ares de gasolinas amargas que hab\u00eda en el tanque.<\/p>\n\n\n\n<p>La funcionaria federal sostuvo con el gobernador\u00a0Cuitl\u00e1huac Garc\u00eda Jim\u00e9nez\u00a0y funcionarios de varias dependencias una reuni\u00f3n al interior de la refiner\u00eda y dijo que se har\u00e1 una investigaci\u00f3n de la causa ra\u00edz para determinar las causas.<\/p>\n\n\n\n<p>Se reparar\u00e1 lo da\u00f1ado y evaluar\u00e1n las p\u00e9rdidas.<\/p>\n\n\n\n<p>Evadi\u00f3 responder si es la falta de mantenimiento y de personal por el bloqueo de plazas, la posible causa de este siniestro. En esa \u00e1rea son 2800 las plazas bloqueadas de personal transitorio.<\/p>\n\n\n\n<p>Se desconoce cu\u00e1ndo podr\u00edan reiniciar actividades, debido a que eso depende de la evaluaci\u00f3n que hagan los ingenieros, dijo.<\/p>\n\n\n\n<p>Finalmente, agradeci\u00f3 a los trabajadores petroleros que atendieron la emergencia que combatieron durante m\u00e1s de ocho horas.<\/p>\n\n\n\n<p>Fuente: Milenio<\/p>\n","protected":false},"excerpt":{"rendered":"<p>La refiner\u00eda\u00a0L\u00e1zaro C\u00e1rdenas\u00a0de\u00a0Pemex, en\u00a0Minatitl\u00e1n,\u00a0se encuentra fuera de operaci\u00f3n, luego de la\u00a0explosi\u00f3n e incendio en el \u00e1rea de transferencia de gasolina\u00a0que consumi\u00f3 adem\u00e1s un tanque de almacenamiento de combustible. La secretaria de\u00a0Energ\u00eda, Roc\u00edo Nalhe, confirm\u00f3 en entrevista esta madrugada al salir de las instalaciones de la planta que por seguridad la refiner\u00eda no estar\u00e1 operando. \u201cLa<a class=\"read-more\" href=\"https:\/\/globalnewsmexico.com\/sitio\/tras-incendio-refineria-de-pemex-en-minatitlan-se-encuentra-fuera-de-operacion\/\">Leer m\u00e1s<\/a><\/p>\n","protected":false},"author":5,"featured_media":64204,"comment_status":"closed","ping_status":"open","sticky":false,"template":"","format":"standard","meta":{"spay_email":"","footnotes":""},"categories":[37,8,50,52],"tags":[],"jetpack_featured_media_url":"https:\/\/i1.wp.com\/globalnewsmexico.com\/sitio\/wp-content\/uploads\/2021\/04\/hace-mas-de-un-mes_76_0_713_443.jpg?fit=958%2C596&ssl=1","jetpack_sharing_enabled":true,"jetpack_shortlink":"https:\/\/wp.me\/p9yqPL-gHx","jetpack_likes_enabled":true,"_links":{"self":[{"href":"https:\/\/globalnewsmexico.com\/sitio\/wp-json\/wp\/v2\/posts\/64203"}],"collection":[{"href":"https:\/\/globalnewsmexico.com\/sitio\/wp-json\/wp\/v2\/posts"}],"about":[{"href":"https:\/\/globalnewsmexico.com\/sitio\/wp-json\/wp\/v2\/types\/post"}],"author":[{"embeddable":true,"href":"https:\/\/globalnewsmexico.com\/sitio\/wp-json\/wp\/v2\/users\/5"}],"replies":[{"embeddable":true,"href":"https:\/\/globalnewsmexico.com\/sitio\/wp-json\/wp\/v2\/comments?post=64203"}],"version-history":[{"count":0,"href":"https:\/\/globalnewsmexico.com\/sitio\/wp-json\/wp\/v2\/posts\/64203\/revisions"}],"wp:featuredmedia":[{"embeddable":true,"href":"https:\/\/globalnewsmexico.com\/sitio\/wp-json\/wp\/v2\/media\/64204"}],"wp:attachment":[{"href":"https:\/\/globalnewsmexico.com\/sitio\/wp-json\/wp\/v2\/media?parent=64203"}],"wp:term":[{"taxonomy":"category","embeddable":true,"href":"https:\/\/globalnewsmexico.com\/sitio\/wp-json\/wp\/v2\/categories?post=64203"},{"taxonomy":"post_tag","embeddable":true,"href":"https:\/\/globalnewsmexico.com\/sitio\/wp-json\/wp\/v2\/tags?post=64203"}],"curies":[{"name":"wp","href":"https:\/\/api.w.org\/{rel}","templated":true}]}}