{"id":64215,"date":"2021-04-08T11:09:59","date_gmt":"2021-04-08T16:09:59","guid":{"rendered":"http:\/\/globalnewsmexico.com\/sitio\/?p=64215"},"modified":"2021-04-08T11:10:08","modified_gmt":"2021-04-08T16:10:08","slug":"amlo-acuerda-comunicacion-periodica-con-kamala-harris-por-tema-migratorio","status":"publish","type":"post","link":"https:\/\/globalnewsmexico.com\/sitio\/amlo-acuerda-comunicacion-periodica-con-kamala-harris-por-tema-migratorio\/","title":{"rendered":"AMLO acuerda comunicaci\u00f3n peri\u00f3dica con Kamala Harris por tema migratorio"},"content":{"rendered":"\n<p>El presidente Andr\u00e9s Manuel L\u00f3pez Obrador asegur\u00f3 que tras la\u00a0llamada que tuvo con Kamala Harris,\u00a0vicepresidenta de Estados Unidos, acordaron\u00a0tener una\u00a0comunicaci\u00f3n peri\u00f3dica\u00a0para ir evaluando el tema migratorio.\u00a0<\/p>\n\n\n\n<p>En\u00a0conferencia de prensa matutina, el mandatario coment\u00f3 que\u00a0Estados Unidos tiene una actitud de mucho respeto hacia el pueblo de M\u00e9xico y los migrantes.<\/p>\n\n\n\n<p>El presidente asegur\u00f3 que \u00abhay todas las condiciones para un buen entendimiento y cooperaci\u00f3n\u00bb en materia migratoria con Estados Unidos.<\/p>\n\n\n\n<p>\u00abHay una actitud de mucho respeto al pueblo de M\u00e9xico y a los migrantes. Se busca que sea una migraci\u00f3n ordenada, segura; la preocupaci\u00f3n nuestra es que debemos de proteger a migrantes al sur del pa\u00eds porque hay m\u00e1s riesgo de violencia en el norte del pa\u00eds\u00bb, apunt\u00f3.\u00a0<\/p>\n\n\n\n<p>L\u00f3pez Obrador dio a conocer ayer que se comunic\u00f3 con Kamala Harris, para hablar sobre el combate al tr\u00e1fico de personas\u00a0y protecci\u00f3n de derechos humanos de los menores.\u00a0<\/p>\n\n\n\n<p>\u00abPlaticamos con Kamala Harris, vicepresidenta de EE.UU. y encargada de atender el\u00a0asunto migratorio en Centroam\u00e9rica. Existe disposici\u00f3n de nuestra parte para sumar voluntades en el combate al tr\u00e1fico de personas y protecci\u00f3n de los derechos humanos, sobre todo de ni\u00f1as y ni\u00f1os\u00bb, escribi\u00f3 en Twitter.<\/p>\n\n\n\n<p>En la conversaci\u00f3n, Kamala Harris agradeci\u00f3 al presidente L\u00f3pez Obrador por su cooperaci\u00f3n en temas migratorios y acordaron continuar trabajando juntos para abordar las causas de la migraci\u00f3n desde los pa\u00edses como\u00a0El Salvador, Guatemala y Honduras.\u00a0Adem\u00e1s de asuntos relacionados con la pobreza, la violencia y la falta de oportunidades econ\u00f3micas.\u00a0<\/p>\n\n\n\n<p>Fuente: Milenio<\/p>\n","protected":false},"excerpt":{"rendered":"<p>El presidente Andr\u00e9s Manuel L\u00f3pez Obrador asegur\u00f3 que tras la\u00a0llamada que tuvo con Kamala Harris,\u00a0vicepresidenta de Estados Unidos, acordaron\u00a0tener una\u00a0comunicaci\u00f3n peri\u00f3dica\u00a0para ir evaluando el tema migratorio.\u00a0 En\u00a0conferencia de prensa matutina, el mandatario coment\u00f3 que\u00a0Estados Unidos tiene una actitud de mucho respeto hacia el pueblo de M\u00e9xico y los migrantes. El presidente asegur\u00f3 que \u00abhay todas<a class=\"read-more\" href=\"https:\/\/globalnewsmexico.com\/sitio\/amlo-acuerda-comunicacion-periodica-con-kamala-harris-por-tema-migratorio\/\">Leer m\u00e1s<\/a><\/p>\n","protected":false},"author":5,"featured_media":64216,"comment_status":"closed","ping_status":"open","sticky":false,"template":"","format":"standard","meta":{"spay_email":"","footnotes":""},"categories":[37,8,40,52],"tags":[],"jetpack_featured_media_url":"https:\/\/i2.wp.com\/globalnewsmexico.com\/sitio\/wp-content\/uploads\/2021\/04\/conferencia-prensa-andres-manuel-lopez-3.jpg?fit=958%2C596&ssl=1","jetpack_sharing_enabled":true,"jetpack_shortlink":"https:\/\/wp.me\/p9yqPL-gHJ","jetpack_likes_enabled":true,"_links":{"self":[{"href":"https:\/\/globalnewsmexico.com\/sitio\/wp-json\/wp\/v2\/posts\/64215"}],"collection":[{"href":"https:\/\/globalnewsmexico.com\/sitio\/wp-json\/wp\/v2\/posts"}],"about":[{"href":"https:\/\/globalnewsmexico.com\/sitio\/wp-json\/wp\/v2\/types\/post"}],"author":[{"embeddable":true,"href":"https:\/\/globalnewsmexico.com\/sitio\/wp-json\/wp\/v2\/users\/5"}],"replies":[{"embeddable":true,"href":"https:\/\/globalnewsmexico.com\/sitio\/wp-json\/wp\/v2\/comments?post=64215"}],"version-history":[{"count":0,"href":"https:\/\/globalnewsmexico.com\/sitio\/wp-json\/wp\/v2\/posts\/64215\/revisions"}],"wp:featuredmedia":[{"embeddable":true,"href":"https:\/\/globalnewsmexico.com\/sitio\/wp-json\/wp\/v2\/media\/64216"}],"wp:attachment":[{"href":"https:\/\/globalnewsmexico.com\/sitio\/wp-json\/wp\/v2\/media?parent=64215"}],"wp:term":[{"taxonomy":"category","embeddable":true,"href":"https:\/\/globalnewsmexico.com\/sitio\/wp-json\/wp\/v2\/categories?post=64215"},{"taxonomy":"post_tag","embeddable":true,"href":"https:\/\/globalnewsmexico.com\/sitio\/wp-json\/wp\/v2\/tags?post=64215"}],"curies":[{"name":"wp","href":"https:\/\/api.w.org\/{rel}","templated":true}]}}