{"id":64238,"date":"2021-04-08T13:49:32","date_gmt":"2021-04-08T18:49:32","guid":{"rendered":"http:\/\/globalnewsmexico.com\/sitio\/?p=64238"},"modified":"2021-04-08T13:49:38","modified_gmt":"2021-04-08T18:49:38","slug":"localizan-con-vida-a-julia-nina-de-un-ano-de-familia-desaparecida-en-jalisco","status":"publish","type":"post","link":"https:\/\/globalnewsmexico.com\/sitio\/localizan-con-vida-a-julia-nina-de-un-ano-de-familia-desaparecida-en-jalisco\/","title":{"rendered":"Localizan con vida a Julia, ni\u00f1a de un a\u00f1o de familia desaparecida en Jalisco"},"content":{"rendered":"\n<p>Julia Isabella Villase\u00f1or Romo, menor de un a\u00f1o reportada como\u00a0desparecida cuando viajaba con su familia de la Ciudad de M\u00e9xico a Jalisco, fue encontrada con vida, inform\u00f3 la\u00a0Comisi\u00f3n de B\u00fasqueda de Personas del Estado.<\/p>\n\n\n\n<p>De acuerdo con el reporte, la menor fue localizada sin da\u00f1os aparentes y&nbsp;entregada a uno de sus abuelos.<\/p>\n\n\n\n<p>Aunque no existe a\u00fan una versi\u00f3n oficial sobre el hallazgo, los primeros reportes se\u00f1alan que la menor fue\u00a0dejada en un predio de la cabecera municipal de La Barca, Jalisco, y que llevaba un mensaje en un papel donde adem\u00e1s estaba el n\u00famero de celular de su abuelo.<\/p>\n\n\n\n<p>La Barca es un municipio alejado de\u00a0Acatic, lugar donde se ha enfocado la b\u00fasqueda de la familia desaparecida. En l\u00ednea recta son 66 kil\u00f3metros de distancia, y administrativamente ambos municipios se encuentran en regiones diferentes del estado.<\/p>\n\n\n\n<div class=\"wp-block-image\"><figure class=\"aligncenter\"><img decoding=\"async\" src=\"https:\/\/i2.wp.com\/www.milenio.com\/uploads\/media\/2021\/04\/08\/entrega-menor-realizada-personal-comision.jpg?w=800&#038;ssl=1\" alt=\"\" data-recalc-dims=\"1\"\/><\/figure><\/div>\n\n\n\n<h2 class=\"wp-block-heading\">Familia desaparece rumbo a Jalisco<\/h2>\n\n\n\n<p>La ni\u00f1a y el resto de sus familiares fueron vistos por \u00faltima vez cuando\u00a0viajaban por la carretera a Jalisco, luego de vacacionar en la Ciudad de M\u00e9xico, inform\u00f3 la Fiscal\u00eda General del Estado.\u00a0<\/p>\n\n\n\n<p>Tras estos hechos, el 25 de marzo fue interpuesta la denuncia por la desaparici\u00f3n de\u00a0Julio Alberto Villase\u00f1or Cabrera, de 35 a\u00f1os;\u00a0Jimena Romo Jim\u00e9nez, de 24 a\u00f1os, as\u00ed como su hija\u00a0Julia Isabella\u00a0de un a\u00f1o, adem\u00e1s de\u00a0Virginia Villase\u00f1or Cabrera\u00a0(hermana de Alberto) y su hijo de nueve a\u00f1os.<\/p>\n\n\n\n<p>La Fiscal\u00eda del Estado de Jalisco, junto con elementos del Ej\u00e9rcito Mexicano, hicieron un operativo en la cabecera municipal de Acatic, donde\u00a0detuvieron a siete polic\u00edas municipales\u00a0por su presunta\u00a0participaci\u00f3n en la desaparici\u00f3n de la familia.\u00a0<\/p>\n\n\n\n<p>Aunque no se ha dado informaci\u00f3n oficial sobre el papel de los polic\u00edas, versiones indican que uno de los tel\u00e9fonos celulares de la familia hab\u00eda sido utilizado en ese municipio, aparentemente por uno de los polic\u00edas detenidos.<\/p>\n\n\n\n<p>En conferencia de prensa, el fiscal general, Gerardo Octavio Sol\u00eds G\u00f3mez, dijo que se investigan un nexo entre la desaparici\u00f3n de la familia y un\u00a0ataque a tiros contra una persona en un fraccionamiento\u00a0residencial de Zapopan, ocurrido el 19 de marzo.\u00a0<\/p>\n\n\n\n<p>En ese suceso, un hombre no identificado fue atacado a balazos y recibi\u00f3 dos disparos mientras conduc\u00eda una camioneta. A consecuencia de las lesiones, el hombre choc\u00f3 contra la cochera de un edificio y m\u00e1s tarde fue llevado a un hospital particular.<\/p>\n\n\n\n<p>El padre de Jimena Romo, madre de la menor localizada, en conversaci\u00f3n con Azucena Uresti el 5 de abril, hizo un llamado a los secuestradores:\u00a0<\/p>\n\n\n\n<p>\u00abOjal\u00e1 se les ablande el coraz\u00f3n a las personas que hicieron eso y me regresen a mi familia con vida. El fiscal nos ha dicho que \u00e9l cree que todav\u00eda se encuentran con vida\u00bb,\u00a0dijo Salvador Romo.<\/p>\n\n\n\n<p>Fuente: Milenio<\/p>\n","protected":false},"excerpt":{"rendered":"<p>Julia Isabella Villase\u00f1or Romo, menor de un a\u00f1o reportada como\u00a0desparecida cuando viajaba con su familia de la Ciudad de M\u00e9xico a Jalisco, fue encontrada con vida, inform\u00f3 la\u00a0Comisi\u00f3n de B\u00fasqueda de Personas del Estado. De acuerdo con el reporte, la menor fue localizada sin da\u00f1os aparentes y&nbsp;entregada a uno de sus abuelos. Aunque no existe<a class=\"read-more\" href=\"https:\/\/globalnewsmexico.com\/sitio\/localizan-con-vida-a-julia-nina-de-un-ano-de-familia-desaparecida-en-jalisco\/\">Leer m\u00e1s<\/a><\/p>\n","protected":false},"author":5,"featured_media":64239,"comment_status":"closed","ping_status":"open","sticky":false,"template":"","format":"standard","meta":{"spay_email":"","footnotes":""},"categories":[37,8,49,52],"tags":[],"jetpack_featured_media_url":"https:\/\/i0.wp.com\/globalnewsmexico.com\/sitio\/wp-content\/uploads\/2021\/04\/menor-dejada-predio-cabecera-municipal.jpg?fit=958%2C596&ssl=1","jetpack_sharing_enabled":true,"jetpack_shortlink":"https:\/\/wp.me\/p9yqPL-gI6","jetpack_likes_enabled":true,"_links":{"self":[{"href":"https:\/\/globalnewsmexico.com\/sitio\/wp-json\/wp\/v2\/posts\/64238"}],"collection":[{"href":"https:\/\/globalnewsmexico.com\/sitio\/wp-json\/wp\/v2\/posts"}],"about":[{"href":"https:\/\/globalnewsmexico.com\/sitio\/wp-json\/wp\/v2\/types\/post"}],"author":[{"embeddable":true,"href":"https:\/\/globalnewsmexico.com\/sitio\/wp-json\/wp\/v2\/users\/5"}],"replies":[{"embeddable":true,"href":"https:\/\/globalnewsmexico.com\/sitio\/wp-json\/wp\/v2\/comments?post=64238"}],"version-history":[{"count":0,"href":"https:\/\/globalnewsmexico.com\/sitio\/wp-json\/wp\/v2\/posts\/64238\/revisions"}],"wp:featuredmedia":[{"embeddable":true,"href":"https:\/\/globalnewsmexico.com\/sitio\/wp-json\/wp\/v2\/media\/64239"}],"wp:attachment":[{"href":"https:\/\/globalnewsmexico.com\/sitio\/wp-json\/wp\/v2\/media?parent=64238"}],"wp:term":[{"taxonomy":"category","embeddable":true,"href":"https:\/\/globalnewsmexico.com\/sitio\/wp-json\/wp\/v2\/categories?post=64238"},{"taxonomy":"post_tag","embeddable":true,"href":"https:\/\/globalnewsmexico.com\/sitio\/wp-json\/wp\/v2\/tags?post=64238"}],"curies":[{"name":"wp","href":"https:\/\/api.w.org\/{rel}","templated":true}]}}