{"id":64285,"date":"2021-04-09T11:14:00","date_gmt":"2021-04-09T16:14:00","guid":{"rendered":"http:\/\/globalnewsmexico.com\/sitio\/?p=64285"},"modified":"2021-04-09T11:14:06","modified_gmt":"2021-04-09T16:14:06","slug":"preven-lluvias-y-viento-en-varios-estados-del-pais","status":"publish","type":"post","link":"https:\/\/globalnewsmexico.com\/sitio\/preven-lluvias-y-viento-en-varios-estados-del-pais\/","title":{"rendered":"Prev\u00e9n lluvias y viento en varios estados del pa\u00eds"},"content":{"rendered":"\n<p>El Servicio Meteorol\u00f3gico Nacional inform\u00f3 que una\u00a0l\u00ednea seca\u00a0sobre el noreste del pa\u00eds, que continuar\u00e1 interactuando con la\u00a0corriente en chorro subtropical, ocasionar\u00e1n fuertes rachas de viento en el noroeste, norte y noreste del territorio mexicano,\u00a0adem\u00e1s de lluvias y chubascos\u00a0acompa\u00f1ados de actividad el\u00e9ctrica en Nuevo Le\u00f3n y Tamaulipas.<\/p>\n\n\n\n<p>Adem\u00e1s, un\u00a0canal de baja presi\u00f3n\u00a0sobre el oriente y sureste del territorio nacional originar\u00e1 lluvias y chubascos vespertinos acompa\u00f1ados de rachas de viento y tormentas el\u00e9ctricas\u00a0en las regiones mencionadas, as\u00ed como en el centro y sur del pa\u00eds, con\u00a0lluvias puntuales fuertes y posibles granizadas\u00a0en la zona monta\u00f1osa central de Veracruz,\u00a0sierras de Puebla y Oaxaca.<\/p>\n\n\n\n<p>Finalmente, se mantendr\u00e1 el ambiente diurno c\u00e1lido a muy caluroso sobre gran parte de la Rep\u00fablica Mexicana.\u00a0A su vez, continuar\u00e1 la\u00a0onda de calor\u00a0sobre entidades del noreste, oriente, occidente, sur y sureste de M\u00e9xico, incluida la Pen\u00ednsula de Yucat\u00e1n, con temperaturas m\u00e1ximas de 40 a 45 \u00b0C en zonas de Coahuila, Nuevo Le\u00f3n, Tamaulipas, San Luis Potos\u00ed, Hidalgo (norte), Puebla (norte), Veracruz, Michoac\u00e1n, Guerrero, Oaxaca, Chiapas, Tabasco, Campeche y Yucat\u00e1n.<\/p>\n","protected":false},"excerpt":{"rendered":"<p>El Servicio Meteorol\u00f3gico Nacional inform\u00f3 que una\u00a0l\u00ednea seca\u00a0sobre el noreste del pa\u00eds, que continuar\u00e1 interactuando con la\u00a0corriente en chorro subtropical, ocasionar\u00e1n fuertes rachas de viento en el noroeste, norte y noreste del territorio mexicano,\u00a0adem\u00e1s de lluvias y chubascos\u00a0acompa\u00f1ados de actividad el\u00e9ctrica en Nuevo Le\u00f3n y Tamaulipas. Adem\u00e1s, un\u00a0canal de baja presi\u00f3n\u00a0sobre el oriente y sureste<a class=\"read-more\" href=\"https:\/\/globalnewsmexico.com\/sitio\/preven-lluvias-y-viento-en-varios-estados-del-pais\/\">Leer m\u00e1s<\/a><\/p>\n","protected":false},"author":5,"featured_media":61629,"comment_status":"closed","ping_status":"open","sticky":false,"template":"","format":"standard","meta":{"spay_email":"","footnotes":""},"categories":[37,8,49,52],"tags":[],"jetpack_featured_media_url":"https:\/\/i1.wp.com\/globalnewsmexico.com\/sitio\/wp-content\/uploads\/2021\/02\/frio-y-lluvia.jpg?fit=1024%2C637&ssl=1","jetpack_sharing_enabled":true,"jetpack_shortlink":"https:\/\/wp.me\/p9yqPL-gIR","jetpack_likes_enabled":true,"_links":{"self":[{"href":"https:\/\/globalnewsmexico.com\/sitio\/wp-json\/wp\/v2\/posts\/64285"}],"collection":[{"href":"https:\/\/globalnewsmexico.com\/sitio\/wp-json\/wp\/v2\/posts"}],"about":[{"href":"https:\/\/globalnewsmexico.com\/sitio\/wp-json\/wp\/v2\/types\/post"}],"author":[{"embeddable":true,"href":"https:\/\/globalnewsmexico.com\/sitio\/wp-json\/wp\/v2\/users\/5"}],"replies":[{"embeddable":true,"href":"https:\/\/globalnewsmexico.com\/sitio\/wp-json\/wp\/v2\/comments?post=64285"}],"version-history":[{"count":0,"href":"https:\/\/globalnewsmexico.com\/sitio\/wp-json\/wp\/v2\/posts\/64285\/revisions"}],"wp:featuredmedia":[{"embeddable":true,"href":"https:\/\/globalnewsmexico.com\/sitio\/wp-json\/wp\/v2\/media\/61629"}],"wp:attachment":[{"href":"https:\/\/globalnewsmexico.com\/sitio\/wp-json\/wp\/v2\/media?parent=64285"}],"wp:term":[{"taxonomy":"category","embeddable":true,"href":"https:\/\/globalnewsmexico.com\/sitio\/wp-json\/wp\/v2\/categories?post=64285"},{"taxonomy":"post_tag","embeddable":true,"href":"https:\/\/globalnewsmexico.com\/sitio\/wp-json\/wp\/v2\/tags?post=64285"}],"curies":[{"name":"wp","href":"https:\/\/api.w.org\/{rel}","templated":true}]}}