{"id":64293,"date":"2021-04-09T12:40:13","date_gmt":"2021-04-09T17:40:13","guid":{"rendered":"http:\/\/globalnewsmexico.com\/sitio\/?p=64293"},"modified":"2021-04-09T12:40:19","modified_gmt":"2021-04-09T17:40:19","slug":"premier-guardara-un-minuto-de-silencio-por-muerte-de-duque-de-edimburgo","status":"publish","type":"post","link":"https:\/\/globalnewsmexico.com\/sitio\/premier-guardara-un-minuto-de-silencio-por-muerte-de-duque-de-edimburgo\/","title":{"rendered":"Premier guardar\u00e1 un minuto de silencio por muerte de Duque de Edimburgo"},"content":{"rendered":"\n<p>La Premier League guardar\u00e1 un minuto de silencio este fin de semana, por el fallecimiento del\u00a0pr\u00edncipe Felipe de Edimburgo a los 99 a\u00f1os de edad.<\/p>\n\n\n\n<p>\u00abLa Premier League est\u00e1 profundamente afectada por la muerte de su majestad el pr\u00edncipe Felipe, duque de Edimburgo. Nuestros pensamientos y condolencias est\u00e1n con su majestad la reina, con la familia real y con todos aquellos en el mundo que sientan la muerte del pr\u00edncipe\u00bb, dijo la Premier en un comunicado.<\/p>\n\n\n\n<p>Adem\u00e1s, los jugadores llevar\u00e1n un brazalete\u00a0negro por la muerte del monarca, ocurrida este viernes, como forma de mostrar respeto a la familia real.<\/p>\n\n\n\n<p>Fuente: Xeu Noticias<\/p>\n","protected":false},"excerpt":{"rendered":"<p>La Premier League guardar\u00e1 un minuto de silencio este fin de semana, por el fallecimiento del\u00a0pr\u00edncipe Felipe de Edimburgo a los 99 a\u00f1os de edad. \u00abLa Premier League est\u00e1 profundamente afectada por la muerte de su majestad el pr\u00edncipe Felipe, duque de Edimburgo. Nuestros pensamientos y condolencias est\u00e1n con su majestad la reina, con la<a class=\"read-more\" href=\"https:\/\/globalnewsmexico.com\/sitio\/premier-guardara-un-minuto-de-silencio-por-muerte-de-duque-de-edimburgo\/\">Leer m\u00e1s<\/a><\/p>\n","protected":false},"author":5,"featured_media":64298,"comment_status":"closed","ping_status":"open","sticky":false,"template":"","format":"standard","meta":{"spay_email":"","footnotes":""},"categories":[37,8,48,52],"tags":[],"jetpack_featured_media_url":"https:\/\/i1.wp.com\/globalnewsmexico.com\/sitio\/wp-content\/uploads\/2021\/04\/1152613.jpg?fit=1024%2C683&ssl=1","jetpack_sharing_enabled":true,"jetpack_shortlink":"https:\/\/wp.me\/p9yqPL-gIZ","jetpack_likes_enabled":true,"_links":{"self":[{"href":"https:\/\/globalnewsmexico.com\/sitio\/wp-json\/wp\/v2\/posts\/64293"}],"collection":[{"href":"https:\/\/globalnewsmexico.com\/sitio\/wp-json\/wp\/v2\/posts"}],"about":[{"href":"https:\/\/globalnewsmexico.com\/sitio\/wp-json\/wp\/v2\/types\/post"}],"author":[{"embeddable":true,"href":"https:\/\/globalnewsmexico.com\/sitio\/wp-json\/wp\/v2\/users\/5"}],"replies":[{"embeddable":true,"href":"https:\/\/globalnewsmexico.com\/sitio\/wp-json\/wp\/v2\/comments?post=64293"}],"version-history":[{"count":0,"href":"https:\/\/globalnewsmexico.com\/sitio\/wp-json\/wp\/v2\/posts\/64293\/revisions"}],"wp:featuredmedia":[{"embeddable":true,"href":"https:\/\/globalnewsmexico.com\/sitio\/wp-json\/wp\/v2\/media\/64298"}],"wp:attachment":[{"href":"https:\/\/globalnewsmexico.com\/sitio\/wp-json\/wp\/v2\/media?parent=64293"}],"wp:term":[{"taxonomy":"category","embeddable":true,"href":"https:\/\/globalnewsmexico.com\/sitio\/wp-json\/wp\/v2\/categories?post=64293"},{"taxonomy":"post_tag","embeddable":true,"href":"https:\/\/globalnewsmexico.com\/sitio\/wp-json\/wp\/v2\/tags?post=64293"}],"curies":[{"name":"wp","href":"https:\/\/api.w.org\/{rel}","templated":true}]}}