{"id":64309,"date":"2021-04-09T15:19:13","date_gmt":"2021-04-09T20:19:13","guid":{"rendered":"http:\/\/globalnewsmexico.com\/sitio\/?p=64309"},"modified":"2021-04-09T15:19:18","modified_gmt":"2021-04-09T20:19:18","slug":"pide-pfizer-a-fda-ampliar-autorizacion-para-usar-su-vacuna-en-adolescentes-de-12-a-15-anos","status":"publish","type":"post","link":"https:\/\/globalnewsmexico.com\/sitio\/pide-pfizer-a-fda-ampliar-autorizacion-para-usar-su-vacuna-en-adolescentes-de-12-a-15-anos\/","title":{"rendered":"Pide Pfizer a FDA ampliar autorizaci\u00f3n para usar su vacuna en adolescentes de 12 a 15 a\u00f1os"},"content":{"rendered":"\n<p>Pfizer y BioNTech solicitaron este viernes a la Administraci\u00f3n de Alimentos y Medicamentos (FDA, por sus siglas en ingl\u00e9s) de Estados Unidos, la autorizaci\u00f3n de emergencia para que su vacuna contra el Covid-19 sea usada en ni\u00f1os de entre 12 y 15 a\u00f1os.<\/p>\n\n\n\n<p>Lo anterior, luego de que hace unos d\u00edas dieron a conocer que la misma result\u00f3 100 por ciento efectiva en adolescentes de ese rango de edad.<\/p>\n\n\n\n<p>En un comunicado, las farmac\u00e9uticas se\u00f1alaron que pr\u00f3ximamente solicitar\u00e1n permisos similares en otros pa\u00edses.<\/p>\n\n\n\n<p>\u00abDependiendo de las decisiones de los reguladores, esperamos que esta vacuna est\u00e9 disponible para el grupo de entre 12 y 15 a\u00f1os antes de que comience el a\u00f1o escolar 2021\u00bb, indicaron.<\/p>\n\n\n\n<p>Pfizer y BioNTech a\u00f1adieron que \u00ablas solicitudes se sustentan en los datos del ensayo de fase 3 en adolescentes de 12 a 15 a\u00f1os con o sin evidencia de una infecci\u00f3n previa con SARS-CoV-2, que\u00a0demostr\u00f3 una eficacia del 100% y una robusta respuesta de anticuerpos\u00a0tras ser vacunados con el ant\u00eddoto contra el Covid-19\u00bb.<\/p>\n\n\n\n<p>Cabe recordar que ese ensayo fue realizado con dos mil 260 adolescentes y arroj\u00f3 resultados a\u00fan mejores a los registrados con anterioridad entre participantes vacunados de entre 16 y 25 a\u00f1os.<\/p>\n\n\n\n<p>Fuente: Agencias<\/p>\n","protected":false},"excerpt":{"rendered":"<p>Pfizer y BioNTech solicitaron este viernes a la Administraci\u00f3n de Alimentos y Medicamentos (FDA, por sus siglas en ingl\u00e9s) de Estados Unidos, la autorizaci\u00f3n de emergencia para que su vacuna contra el Covid-19 sea usada en ni\u00f1os de entre 12 y 15 a\u00f1os. Lo anterior, luego de que hace unos d\u00edas dieron a conocer que<a class=\"read-more\" href=\"https:\/\/globalnewsmexico.com\/sitio\/pide-pfizer-a-fda-ampliar-autorizacion-para-usar-su-vacuna-en-adolescentes-de-12-a-15-anos\/\">Leer m\u00e1s<\/a><\/p>\n","protected":false},"author":5,"featured_media":64310,"comment_status":"closed","ping_status":"open","sticky":false,"template":"","format":"standard","meta":{"spay_email":"","footnotes":""},"categories":[37,8,48,52],"tags":[],"jetpack_featured_media_url":"https:\/\/i0.wp.com\/globalnewsmexico.com\/sitio\/wp-content\/uploads\/2021\/04\/1152628.jpg?fit=1024%2C676&ssl=1","jetpack_sharing_enabled":true,"jetpack_shortlink":"https:\/\/wp.me\/p9yqPL-gJf","jetpack_likes_enabled":true,"_links":{"self":[{"href":"https:\/\/globalnewsmexico.com\/sitio\/wp-json\/wp\/v2\/posts\/64309"}],"collection":[{"href":"https:\/\/globalnewsmexico.com\/sitio\/wp-json\/wp\/v2\/posts"}],"about":[{"href":"https:\/\/globalnewsmexico.com\/sitio\/wp-json\/wp\/v2\/types\/post"}],"author":[{"embeddable":true,"href":"https:\/\/globalnewsmexico.com\/sitio\/wp-json\/wp\/v2\/users\/5"}],"replies":[{"embeddable":true,"href":"https:\/\/globalnewsmexico.com\/sitio\/wp-json\/wp\/v2\/comments?post=64309"}],"version-history":[{"count":0,"href":"https:\/\/globalnewsmexico.com\/sitio\/wp-json\/wp\/v2\/posts\/64309\/revisions"}],"wp:featuredmedia":[{"embeddable":true,"href":"https:\/\/globalnewsmexico.com\/sitio\/wp-json\/wp\/v2\/media\/64310"}],"wp:attachment":[{"href":"https:\/\/globalnewsmexico.com\/sitio\/wp-json\/wp\/v2\/media?parent=64309"}],"wp:term":[{"taxonomy":"category","embeddable":true,"href":"https:\/\/globalnewsmexico.com\/sitio\/wp-json\/wp\/v2\/categories?post=64309"},{"taxonomy":"post_tag","embeddable":true,"href":"https:\/\/globalnewsmexico.com\/sitio\/wp-json\/wp\/v2\/tags?post=64309"}],"curies":[{"name":"wp","href":"https:\/\/api.w.org\/{rel}","templated":true}]}}