{"id":64415,"date":"2021-04-12T13:11:40","date_gmt":"2021-04-12T18:11:40","guid":{"rendered":"http:\/\/globalnewsmexico.com\/sitio\/?p=64415"},"modified":"2021-04-12T13:11:46","modified_gmt":"2021-04-12T18:11:46","slug":"amlo-reconoce-a-trabajador-que-cerro-valvulas-tras-incendio-en-refineria-de-minatitlan","status":"publish","type":"post","link":"https:\/\/globalnewsmexico.com\/sitio\/amlo-reconoce-a-trabajador-que-cerro-valvulas-tras-incendio-en-refineria-de-minatitlan\/","title":{"rendered":"AMLO reconoce a trabajador que cerr\u00f3 v\u00e1lvulas tras incendio en refiner\u00eda de Minatitl\u00e1n"},"content":{"rendered":"\n<p>El presidente Andr\u00e9s Manuel L\u00f3pez Obrador reconoci\u00f3 este lunes la labor del\u00a0trabajador petrolero que, durante el incendio en la refiner\u00eda de Minatitl\u00e1n, Veracruz,\u00a0\u201ccerr\u00f3 v\u00e1lvulas, arriesgando su vida\u201d.<\/p>\n\n\n\n<p>El presidente destac\u00f3: \u00abahora que hubo el incendio en Minatitl\u00e1n, fue gracias a los trabajadores que no hubo da\u00f1os mayores, sobre todo que no se perdieran vidas; hubo uno en especial que cerr\u00f3 v\u00e1lvulas, arriesgando su vida\u00bb.<\/p>\n\n\n\n<p>De acuerdo con los reportes, se trata del\u00a0trabajador Deckar Israel Hern\u00e1ndez Soto, quien el 7 de abril fue captado cerrando las v\u00e1lvulas tras un incendio en el \u00e1rea de tanques de almacenamiento de combustible en la refiner\u00eda L\u00e1zaro C\u00e1rdenas del R\u00edo, de Petr\u00f3leos Mexicanos.<\/p>\n\n\n\n<p>Fuente: Xeu Noticias<\/p>\n","protected":false},"excerpt":{"rendered":"<p>El presidente Andr\u00e9s Manuel L\u00f3pez Obrador reconoci\u00f3 este lunes la labor del\u00a0trabajador petrolero que, durante el incendio en la refiner\u00eda de Minatitl\u00e1n, Veracruz,\u00a0\u201ccerr\u00f3 v\u00e1lvulas, arriesgando su vida\u201d. El presidente destac\u00f3: \u00abahora que hubo el incendio en Minatitl\u00e1n, fue gracias a los trabajadores que no hubo da\u00f1os mayores, sobre todo que no se perdieran vidas; hubo<a class=\"read-more\" href=\"https:\/\/globalnewsmexico.com\/sitio\/amlo-reconoce-a-trabajador-que-cerro-valvulas-tras-incendio-en-refineria-de-minatitlan\/\">Leer m\u00e1s<\/a><\/p>\n","protected":false},"author":5,"featured_media":64416,"comment_status":"closed","ping_status":"open","sticky":false,"template":"","format":"standard","meta":{"spay_email":"","footnotes":""},"categories":[37,8,40,52],"tags":[],"jetpack_featured_media_url":"https:\/\/i0.wp.com\/globalnewsmexico.com\/sitio\/wp-content\/uploads\/2021\/04\/1152999.jpg?fit=1024%2C609&ssl=1","jetpack_sharing_enabled":true,"jetpack_shortlink":"https:\/\/wp.me\/p9yqPL-gKX","jetpack_likes_enabled":true,"_links":{"self":[{"href":"https:\/\/globalnewsmexico.com\/sitio\/wp-json\/wp\/v2\/posts\/64415"}],"collection":[{"href":"https:\/\/globalnewsmexico.com\/sitio\/wp-json\/wp\/v2\/posts"}],"about":[{"href":"https:\/\/globalnewsmexico.com\/sitio\/wp-json\/wp\/v2\/types\/post"}],"author":[{"embeddable":true,"href":"https:\/\/globalnewsmexico.com\/sitio\/wp-json\/wp\/v2\/users\/5"}],"replies":[{"embeddable":true,"href":"https:\/\/globalnewsmexico.com\/sitio\/wp-json\/wp\/v2\/comments?post=64415"}],"version-history":[{"count":0,"href":"https:\/\/globalnewsmexico.com\/sitio\/wp-json\/wp\/v2\/posts\/64415\/revisions"}],"wp:featuredmedia":[{"embeddable":true,"href":"https:\/\/globalnewsmexico.com\/sitio\/wp-json\/wp\/v2\/media\/64416"}],"wp:attachment":[{"href":"https:\/\/globalnewsmexico.com\/sitio\/wp-json\/wp\/v2\/media?parent=64415"}],"wp:term":[{"taxonomy":"category","embeddable":true,"href":"https:\/\/globalnewsmexico.com\/sitio\/wp-json\/wp\/v2\/categories?post=64415"},{"taxonomy":"post_tag","embeddable":true,"href":"https:\/\/globalnewsmexico.com\/sitio\/wp-json\/wp\/v2\/tags?post=64415"}],"curies":[{"name":"wp","href":"https:\/\/api.w.org\/{rel}","templated":true}]}}