{"id":64419,"date":"2021-04-12T13:48:35","date_gmt":"2021-04-12T18:48:35","guid":{"rendered":"http:\/\/globalnewsmexico.com\/sitio\/?p=64419"},"modified":"2021-04-12T13:48:42","modified_gmt":"2021-04-12T18:48:42","slug":"en-septiembre-iniciara-juicio-contra-naason-joaquin-garcia-en-ee-uu","status":"publish","type":"post","link":"https:\/\/globalnewsmexico.com\/sitio\/en-septiembre-iniciara-juicio-contra-naason-joaquin-garcia-en-ee-uu\/","title":{"rendered":"En septiembre iniciar\u00e1 juicio contra Naas\u00f3n Joaqu\u00edn Garc\u00eda en EE. UU."},"content":{"rendered":"\n<p>Tras una\u00a0audiencia celebrada v\u00eda remota en la Corte Clara Shortridge, en Los \u00c1ngeles, California, Estados Unidos, se determin\u00f3 que el 27 de septiembre se dar\u00e1 inicio al juicio contra Naas\u00f3n Joaqu\u00edn Garc\u00eda, l\u00edder de la iglesia\u00a0La Luz del Mundo.<\/p>\n\n\n\n<p>Acusado de 19 cargos como\u00a0abuso sexual de menores, violaci\u00f3n, pornograf\u00eda infantil y tr\u00e1fico de personas,\u00a0Joaqu\u00edn Garc\u00eda fue detenido el 4 de junio del 2019, tres semanas despu\u00e9s de que\u00a0pol\u00edticos mexicanos le rindieran un homenaje en el Palacio de Bellas Artes\u00a0de la Ciudad de M\u00e9xico, al cual dieron forma de concierto oper\u00edstico y nombraron &#8216;El Guardi\u00e1n del Espejo&#8217;.<\/p>\n\n\n\n<p>Aunque el denominado &#8216;Ap\u00f3stol de Jesucristo&#8217; ha insistido desde su detenci\u00f3n en declararse no culpable, un juez determin\u00f3 que existe suficiente evidencia en su contra, por lo que le impuso una fianza de 90 millones de d\u00f3lares.<\/p>\n\n\n\n<p>Alan Jackson,\u00a0abogado de Naas\u00f3n Joaquin Garc\u00eda,\u00a0confi\u00f3 que \u201cla defensa aun no estaba lista para el juicio\u201d, y\u00a0oblig\u00f3 al juez Ronald S. Coen a proponer la fecha de arranque del mismo cinco meses\u00a0a partir de hoy.\u00a0<\/p>\n\n\n\n<p>Milenio accedi\u00f3 a la audiencia donde se estableci\u00f3 que, debido a algunos retrasos que han experimentado la defensa y la propia Fiscal\u00eda de California, que acusa al &#8216;Ap\u00f3stol de Jesucristo&#8217;, sea el 17 de septiembre la \u00faltima audiencia previa y el juicio comience el 27 de septiembre.<\/p>\n\n\n\n<p>Con m\u00e1s de dos a\u00f1os en prisi\u00f3n preventiva, Naas\u00f3n Joaqu\u00edn Garc\u00eda llegar\u00e1 con al menos cinco testimonios an\u00f3nimos en su contra. Adem\u00e1s de la colaboraci\u00f3n de su exsecretaria personal,\u00a0Sochil Martin, y una de sus coacusadas,\u00a0Alondra Ocampo, quien es se\u00f1alada de haber sido una\u00a0groomer\u00a0o \u201cpreparadora\u201d de j\u00f3venes para ponerlos a disposici\u00f3n de Naas\u00f3n Joaqu\u00edn.<\/p>\n\n\n\n<p>El 22 de abril se llevar\u00e1 a cabo la audiencia en la que se sentenciar\u00e1 a Alondra Ocampo, quien se declar\u00f3 culpable de cuatro cargos: uno por penetraci\u00f3n forzada y tres por contactar a menores para delitos forzados.<\/p>\n\n\n\n<p>Una de las constantes de la defensa Joaqu\u00edn Garc\u00eda son las t\u00e1cticas dilatorias para impedir arranque el proceso en contra de su cliente. En la audiencia del 26 de marzo, Cone neg\u00f3 a la defensa el poder revisar m\u00e1s de 37 mil mensajes guardados en los celulares de cinco mujeres que lo acusan de abuso sexual. La primera vez que se program\u00f3 el arranque del juicio fue el 12 de noviembre del 2020, pero la fecha no se pudo concretar por la misma estrategia de la defensa.<\/p>\n\n\n\n<p>Los fiscales han revelado que\u00a0en el iPhone del pastor mexicano hallaron un video sexual donde participaba un menor de edad.\u00a0Tambi\u00e9n aseguran que se escucha a Nass\u00f3n pedir que le den drogas a una ni\u00f1a para lograr que fuera \u201cm\u00e1s complaciente\u201d y, finalmente, se\u00f1alaron c\u00f3mo Joaqu\u00edn Garc\u00eda y sus reclutadoras buscaban ni\u00f1as en templos de Los \u00c1ngeles y luego las grababan en videos en moteles y oficinas del estado.<\/p>\n\n\n\n<p>Fuente: Milenio<\/p>\n","protected":false},"excerpt":{"rendered":"<p>Tras una\u00a0audiencia celebrada v\u00eda remota en la Corte Clara Shortridge, en Los \u00c1ngeles, California, Estados Unidos, se determin\u00f3 que el 27 de septiembre se dar\u00e1 inicio al juicio contra Naas\u00f3n Joaqu\u00edn Garc\u00eda, l\u00edder de la iglesia\u00a0La Luz del Mundo. Acusado de 19 cargos como\u00a0abuso sexual de menores, violaci\u00f3n, pornograf\u00eda infantil y tr\u00e1fico de personas,\u00a0Joaqu\u00edn Garc\u00eda<a class=\"read-more\" href=\"https:\/\/globalnewsmexico.com\/sitio\/en-septiembre-iniciara-juicio-contra-naason-joaquin-garcia-en-ee-uu\/\">Leer m\u00e1s<\/a><\/p>\n","protected":false},"author":5,"featured_media":64420,"comment_status":"closed","ping_status":"open","sticky":false,"template":"","format":"standard","meta":{"spay_email":"","footnotes":""},"categories":[37,8,48,52],"tags":[],"jetpack_featured_media_url":"https:\/\/i1.wp.com\/globalnewsmexico.com\/sitio\/wp-content\/uploads\/2021\/04\/naason-joaquin-garcia-llega-inicio.jpg?fit=958%2C596&ssl=1","jetpack_sharing_enabled":true,"jetpack_shortlink":"https:\/\/wp.me\/p9yqPL-gL1","jetpack_likes_enabled":true,"_links":{"self":[{"href":"https:\/\/globalnewsmexico.com\/sitio\/wp-json\/wp\/v2\/posts\/64419"}],"collection":[{"href":"https:\/\/globalnewsmexico.com\/sitio\/wp-json\/wp\/v2\/posts"}],"about":[{"href":"https:\/\/globalnewsmexico.com\/sitio\/wp-json\/wp\/v2\/types\/post"}],"author":[{"embeddable":true,"href":"https:\/\/globalnewsmexico.com\/sitio\/wp-json\/wp\/v2\/users\/5"}],"replies":[{"embeddable":true,"href":"https:\/\/globalnewsmexico.com\/sitio\/wp-json\/wp\/v2\/comments?post=64419"}],"version-history":[{"count":0,"href":"https:\/\/globalnewsmexico.com\/sitio\/wp-json\/wp\/v2\/posts\/64419\/revisions"}],"wp:featuredmedia":[{"embeddable":true,"href":"https:\/\/globalnewsmexico.com\/sitio\/wp-json\/wp\/v2\/media\/64420"}],"wp:attachment":[{"href":"https:\/\/globalnewsmexico.com\/sitio\/wp-json\/wp\/v2\/media?parent=64419"}],"wp:term":[{"taxonomy":"category","embeddable":true,"href":"https:\/\/globalnewsmexico.com\/sitio\/wp-json\/wp\/v2\/categories?post=64419"},{"taxonomy":"post_tag","embeddable":true,"href":"https:\/\/globalnewsmexico.com\/sitio\/wp-json\/wp\/v2\/tags?post=64419"}],"curies":[{"name":"wp","href":"https:\/\/api.w.org\/{rel}","templated":true}]}}