{"id":64522,"date":"2021-04-13T22:36:44","date_gmt":"2021-04-14T03:36:44","guid":{"rendered":"http:\/\/globalnewsmexico.com\/sitio\/?p=64522"},"modified":"2021-04-13T22:37:02","modified_gmt":"2021-04-14T03:37:02","slug":"ine-ratifica-quitar-candidatura-a-felix-salgado-macedonio","status":"publish","type":"post","link":"https:\/\/globalnewsmexico.com\/sitio\/ine-ratifica-quitar-candidatura-a-felix-salgado-macedonio\/","title":{"rendered":"INE ratifica quitar candidatura a F\u00e9lix Salgado Macedonio"},"content":{"rendered":"\n<p>El Consejo General del Instituto Nacional Electoral (INE) decidi\u00f3 quitar\u00a0la candidatura al aspirante a la gubernatura de\u00a0Guerrero, F\u00e9lix Salgado Macedonio, luego de que el Tribunal Electoral del Poder Judicial de la Federaci\u00f3n (TEPJF) considerara que la sanci\u00f3n impuesta era desproporcional.<\/p>\n\n\n\n<p>Con seis votos a favor y cinco en contra, el Consejo General del INE decidi\u00f3 ratificar el retiro de la candidatura al senador con licencia.<\/p>\n\n\n\n<p>El 25 de marzo, el Consejo General retir\u00f3 el registro como candidato a la gubernatura de Guerrero a F\u00e9lix Salgado Macedonio, luego de que la Comisi\u00f3n de Fiscalizaci\u00f3n se\u00f1alara que Morena no entreg\u00f3 sus reportes de gastos de precampa\u00f1a.<\/p>\n\n\n\n<p>Tras la discusi\u00f3n de la propuesta en sesi\u00f3n extraordinaria del INE, los consejeros votaron a favor de retirar la candidatura del guerrerense, as\u00ed como a un grupo de aspirantes a candidaturas para diputaciones federales.<\/p>\n\n\n\n<p>Sin embargo, tras un an\u00e1lisis del dictamen, el Tribunal Electoral decidi\u00f3 regresar el caso al Consejo General para su evaluaci\u00f3n e imponer sanciones individualizadas por las faltas cometidas en materia de fiscalizaci\u00f3n.<\/p>\n\n\n\n<p>Fuente: Milenio<\/p>\n","protected":false},"excerpt":{"rendered":"<p>El Consejo General del Instituto Nacional Electoral (INE) decidi\u00f3 quitar\u00a0la candidatura al aspirante a la gubernatura de\u00a0Guerrero, F\u00e9lix Salgado Macedonio, luego de que el Tribunal Electoral del Poder Judicial de la Federaci\u00f3n (TEPJF) considerara que la sanci\u00f3n impuesta era desproporcional. Con seis votos a favor y cinco en contra, el Consejo General del INE decidi\u00f3<a class=\"read-more\" href=\"https:\/\/globalnewsmexico.com\/sitio\/ine-ratifica-quitar-candidatura-a-felix-salgado-macedonio\/\">Leer m\u00e1s<\/a><\/p>\n","protected":false},"author":5,"featured_media":64523,"comment_status":"closed","ping_status":"open","sticky":false,"template":"","format":"standard","meta":{"spay_email":"","footnotes":""},"categories":[37,8,39,52],"tags":[],"jetpack_featured_media_url":"https:\/\/i1.wp.com\/globalnewsmexico.com\/sitio\/wp-content\/uploads\/2021\/04\/denuncia-acosador-mujeres-felix-salgado_302_73_741_461.jpg?fit=958%2C596&ssl=1","jetpack_sharing_enabled":true,"jetpack_shortlink":"https:\/\/wp.me\/p9yqPL-gMG","jetpack_likes_enabled":true,"_links":{"self":[{"href":"https:\/\/globalnewsmexico.com\/sitio\/wp-json\/wp\/v2\/posts\/64522"}],"collection":[{"href":"https:\/\/globalnewsmexico.com\/sitio\/wp-json\/wp\/v2\/posts"}],"about":[{"href":"https:\/\/globalnewsmexico.com\/sitio\/wp-json\/wp\/v2\/types\/post"}],"author":[{"embeddable":true,"href":"https:\/\/globalnewsmexico.com\/sitio\/wp-json\/wp\/v2\/users\/5"}],"replies":[{"embeddable":true,"href":"https:\/\/globalnewsmexico.com\/sitio\/wp-json\/wp\/v2\/comments?post=64522"}],"version-history":[{"count":0,"href":"https:\/\/globalnewsmexico.com\/sitio\/wp-json\/wp\/v2\/posts\/64522\/revisions"}],"wp:featuredmedia":[{"embeddable":true,"href":"https:\/\/globalnewsmexico.com\/sitio\/wp-json\/wp\/v2\/media\/64523"}],"wp:attachment":[{"href":"https:\/\/globalnewsmexico.com\/sitio\/wp-json\/wp\/v2\/media?parent=64522"}],"wp:term":[{"taxonomy":"category","embeddable":true,"href":"https:\/\/globalnewsmexico.com\/sitio\/wp-json\/wp\/v2\/categories?post=64522"},{"taxonomy":"post_tag","embeddable":true,"href":"https:\/\/globalnewsmexico.com\/sitio\/wp-json\/wp\/v2\/tags?post=64522"}],"curies":[{"name":"wp","href":"https:\/\/api.w.org\/{rel}","templated":true}]}}