{"id":64553,"date":"2021-04-14T12:28:11","date_gmt":"2021-04-14T17:28:11","guid":{"rendered":"http:\/\/globalnewsmexico.com\/sitio\/?p=64553"},"modified":"2021-04-14T12:28:17","modified_gmt":"2021-04-14T17:28:17","slug":"atencion-a-inseguridad-en-aguililla-michoacan-ha-ido-avanzando-amlo","status":"publish","type":"post","link":"https:\/\/globalnewsmexico.com\/sitio\/atencion-a-inseguridad-en-aguililla-michoacan-ha-ido-avanzando-amlo\/","title":{"rendered":"Atenci\u00f3n a inseguridad en Aguililla, Michoac\u00e1n, ha ido avanzando: AMLO"},"content":{"rendered":"\n<p>El presidente Andr\u00e9s Manuel L\u00f3pez Obrador asegur\u00f3 que la\u00a0atenci\u00f3n a la inseguridad en el\u00a0municipio\u00a0de Aguililla, Michoac\u00e1n, \u201cha ido avanzando\u201d a pesar de la presencia de grupos delictivos.<\/p>\n\n\n\n<p>El mandatario coment\u00f3 que su gobierno mantiene\u00a0la postura de no utilizar la fuerza, privilegiar el di\u00e1logo y el acuerdo.<\/p>\n\n\n\n<p>\u00abLa gente as\u00ed lo entiende y as\u00ed se ha ido avanzando, a pesar de que hay presencia de grupos de la delincuencia organizada en la zona, pero no todos son miembros de las organizaciones delictivas, la mayor\u00eda del pueblo es gente honesta, trabajadora, pac\u00edfica\u00bb, dijo.<\/p>\n\n\n\n<p>L\u00f3pez Obrador hizo un llamado a la conciliaci\u00f3n \u00aby mantener buenas relaciones con el Gobierno de Michoac\u00e1n y actuar de manera institucional, pero el uso de las fuerzas armadas pues no depende de los gobernadores\u00bb.\u00a0<\/p>\n\n\n\n<p>\u00abCelebro el comportamiento de los militares, el ser respetuosos de la gente, el no actuar de manera autoritaria, apostar a proteger los derechos humanos, al di\u00e1logo, a los programas sociales; es un cambio important\u00edsimo, no es la imagen del Ej\u00e9rcito represor, es un Ej\u00e9rcito responsable\u00bb, asever\u00f3.\u00a0<\/p>\n\n\n\n<p>Fuente: Milenio<\/p>\n","protected":false},"excerpt":{"rendered":"<p>El presidente Andr\u00e9s Manuel L\u00f3pez Obrador asegur\u00f3 que la\u00a0atenci\u00f3n a la inseguridad en el\u00a0municipio\u00a0de Aguililla, Michoac\u00e1n, \u201cha ido avanzando\u201d a pesar de la presencia de grupos delictivos. El mandatario coment\u00f3 que su gobierno mantiene\u00a0la postura de no utilizar la fuerza, privilegiar el di\u00e1logo y el acuerdo. \u00abLa gente as\u00ed lo entiende y as\u00ed se ha<a class=\"read-more\" href=\"https:\/\/globalnewsmexico.com\/sitio\/atencion-a-inseguridad-en-aguililla-michoacan-ha-ido-avanzando-amlo\/\">Leer m\u00e1s<\/a><\/p>\n","protected":false},"author":5,"featured_media":64554,"comment_status":"closed","ping_status":"open","sticky":false,"template":"","format":"standard","meta":{"spay_email":"","footnotes":""},"categories":[37,8,40,52],"tags":[],"jetpack_featured_media_url":"https:\/\/i2.wp.com\/globalnewsmexico.com\/sitio\/wp-content\/uploads\/2021\/04\/andres-manuel-lopez-obrador-64.jpg?fit=958%2C596&ssl=1","jetpack_sharing_enabled":true,"jetpack_shortlink":"https:\/\/wp.me\/p9yqPL-gNb","jetpack_likes_enabled":true,"_links":{"self":[{"href":"https:\/\/globalnewsmexico.com\/sitio\/wp-json\/wp\/v2\/posts\/64553"}],"collection":[{"href":"https:\/\/globalnewsmexico.com\/sitio\/wp-json\/wp\/v2\/posts"}],"about":[{"href":"https:\/\/globalnewsmexico.com\/sitio\/wp-json\/wp\/v2\/types\/post"}],"author":[{"embeddable":true,"href":"https:\/\/globalnewsmexico.com\/sitio\/wp-json\/wp\/v2\/users\/5"}],"replies":[{"embeddable":true,"href":"https:\/\/globalnewsmexico.com\/sitio\/wp-json\/wp\/v2\/comments?post=64553"}],"version-history":[{"count":0,"href":"https:\/\/globalnewsmexico.com\/sitio\/wp-json\/wp\/v2\/posts\/64553\/revisions"}],"wp:featuredmedia":[{"embeddable":true,"href":"https:\/\/globalnewsmexico.com\/sitio\/wp-json\/wp\/v2\/media\/64554"}],"wp:attachment":[{"href":"https:\/\/globalnewsmexico.com\/sitio\/wp-json\/wp\/v2\/media?parent=64553"}],"wp:term":[{"taxonomy":"category","embeddable":true,"href":"https:\/\/globalnewsmexico.com\/sitio\/wp-json\/wp\/v2\/categories?post=64553"},{"taxonomy":"post_tag","embeddable":true,"href":"https:\/\/globalnewsmexico.com\/sitio\/wp-json\/wp\/v2\/tags?post=64553"}],"curies":[{"name":"wp","href":"https:\/\/api.w.org\/{rel}","templated":true}]}}