{"id":64556,"date":"2021-04-14T12:43:47","date_gmt":"2021-04-14T17:43:47","guid":{"rendered":"http:\/\/globalnewsmexico.com\/sitio\/?p=64556"},"modified":"2021-04-14T12:43:56","modified_gmt":"2021-04-14T17:43:56","slug":"amlo-escribe-libro-abordara-relacion-que-tuvo-con-el-expresidente-trump","status":"publish","type":"post","link":"https:\/\/globalnewsmexico.com\/sitio\/amlo-escribe-libro-abordara-relacion-que-tuvo-con-el-expresidente-trump\/","title":{"rendered":"AMLO escribe libro; abordar\u00e1 relaci\u00f3n que tuvo con el expresidente Trump"},"content":{"rendered":"\n<p>El presidente Andr\u00e9s Manuel L\u00f3pez Obrador dio a conocer que est\u00e1 escribiendo un libro y, entre otros temas, hablar\u00e1 sobre la relaci\u00f3n que tuvo su gobierno con el del exmandatario de Estados Unidos, Donald Trump.<\/p>\n\n\n\n<p>Durante su\u00a0conferencia ma\u00f1anera, afirm\u00f3 que, pese a las dudas, siempre hubo una relaci\u00f3n respetuosa entre ambos pa\u00edses, sin confrontaci\u00f3n. Destac\u00f3 que los cuestionamientos del republicano hacia los mexicanos se dieron antes de que L\u00f3pez Obrador llegara\u00a0a la Presidencia, pues a partir de ese instante hubo cambios y su relaci\u00f3n se bas\u00f3 en el respeto mutuo.<\/p>\n\n\n\n<p>\u201cHay informaci\u00f3n p\u00fablica de los encuentros que tuvimos, sobre todo de mi viaje a Washington, en la forma como nos comunic\u00e1bamos en asuntos, son de dominio p\u00fablico. Pero como hubieron otras cosas, (\u2026)\u00a0voy a informar que estoy haciendo un libro y voy a tratar, entre otros temas, c\u00f3mo fue la relaci\u00f3n con el presidente Trump, m\u00e1s all\u00e1 de lo que se conoce, para que se tenga una idea completa\u201d, declar\u00f3.<\/p>\n\n\n\n<p>El mandatario adelant\u00f3 que durante su visita a Washington realiz\u00f3 una petici\u00f3n para\u00a0no hablar con Trump sobre la construcci\u00f3n del muro\u00a0fronterizo, pues de lo contrario, consider\u00f3 que \u201cno iba a terminar bien la reuni\u00f3n y que no ten\u00eda caso que viajara tan lejos para ir a una confrontaci\u00f3n pol\u00edtica\u201d. Ante esto,\u00a0la discusi\u00f3n se enfoc\u00f3 en el inicio del tratado comercial.<\/p>\n\n\n\n<p>\u201cFui a Casa Blanca, hubo dos discursos, entrevistas y no se toc\u00f3 el tema del muro, entonces siempre fue as\u00ed.\u00a0Nosotros no aceptamos injerencias en asuntos que corresponden a M\u00e9xico. \u00c9l fue muy respetuoso en varias decisiones\u201d, cont\u00f3.<\/p>\n\n\n\n<p>El jefe del Ejecutivo resalt\u00f3 que su administraci\u00f3n manifest\u00f3 su inconformidad cuando Estados Unidos propuso catalogar a los narcotraficantes y las\u00a0organizaciones delictivas de M\u00e9xico como terroristas, pues consider\u00f3 que posee una connotaci\u00f3n distinta y da pie a que un pa\u00eds extranjero intervenga en la vida interna.<\/p>\n\n\n\n<p>\u201cDe acuerdo a nuestra pol\u00edtica exterior defendemos la no intervenci\u00f3n, en el libro voy a contar m\u00e1s.\u00a0Fue buena la relaci\u00f3n y es lo mismo que estamos haciendo en la relaci\u00f3n con el presidente Biden. Cada pueblo tiene su historia\u201d, afirm\u00f3.<\/p>\n\n\n\n<p>Ahora, con el cambio de gobierno, el Presidente record\u00f3 que ha entablado conversaciones telef\u00f3nicas con Joe Biden en m\u00faltiples ocasiones y,\u00a0hasta el momento\u00a0\u201cnunca ha habido un reclamos\u201d, ya que hay buenas relaciones con el dem\u00f3crata.<\/p>\n\n\n\n<p>Fuente: Milenio<\/p>\n","protected":false},"excerpt":{"rendered":"<p>El presidente Andr\u00e9s Manuel L\u00f3pez Obrador dio a conocer que est\u00e1 escribiendo un libro y, entre otros temas, hablar\u00e1 sobre la relaci\u00f3n que tuvo su gobierno con el del exmandatario de Estados Unidos, Donald Trump. Durante su\u00a0conferencia ma\u00f1anera, afirm\u00f3 que, pese a las dudas, siempre hubo una relaci\u00f3n respetuosa entre ambos pa\u00edses, sin confrontaci\u00f3n. Destac\u00f3<a class=\"read-more\" href=\"https:\/\/globalnewsmexico.com\/sitio\/amlo-escribe-libro-abordara-relacion-que-tuvo-con-el-expresidente-trump\/\">Leer m\u00e1s<\/a><\/p>\n","protected":false},"author":5,"featured_media":64557,"comment_status":"closed","ping_status":"open","sticky":false,"template":"","format":"standard","meta":{"spay_email":"","footnotes":""},"categories":[37,8,40,52],"tags":[],"jetpack_featured_media_url":"https:\/\/i0.wp.com\/globalnewsmexico.com\/sitio\/wp-content\/uploads\/2021\/04\/mandatario-hablara-politica-exterior-relacion_0_0_1200_747.jpg?fit=958%2C596&ssl=1","jetpack_sharing_enabled":true,"jetpack_shortlink":"https:\/\/wp.me\/p9yqPL-gNe","jetpack_likes_enabled":true,"_links":{"self":[{"href":"https:\/\/globalnewsmexico.com\/sitio\/wp-json\/wp\/v2\/posts\/64556"}],"collection":[{"href":"https:\/\/globalnewsmexico.com\/sitio\/wp-json\/wp\/v2\/posts"}],"about":[{"href":"https:\/\/globalnewsmexico.com\/sitio\/wp-json\/wp\/v2\/types\/post"}],"author":[{"embeddable":true,"href":"https:\/\/globalnewsmexico.com\/sitio\/wp-json\/wp\/v2\/users\/5"}],"replies":[{"embeddable":true,"href":"https:\/\/globalnewsmexico.com\/sitio\/wp-json\/wp\/v2\/comments?post=64556"}],"version-history":[{"count":0,"href":"https:\/\/globalnewsmexico.com\/sitio\/wp-json\/wp\/v2\/posts\/64556\/revisions"}],"wp:featuredmedia":[{"embeddable":true,"href":"https:\/\/globalnewsmexico.com\/sitio\/wp-json\/wp\/v2\/media\/64557"}],"wp:attachment":[{"href":"https:\/\/globalnewsmexico.com\/sitio\/wp-json\/wp\/v2\/media?parent=64556"}],"wp:term":[{"taxonomy":"category","embeddable":true,"href":"https:\/\/globalnewsmexico.com\/sitio\/wp-json\/wp\/v2\/categories?post=64556"},{"taxonomy":"post_tag","embeddable":true,"href":"https:\/\/globalnewsmexico.com\/sitio\/wp-json\/wp\/v2\/tags?post=64556"}],"curies":[{"name":"wp","href":"https:\/\/api.w.org\/{rel}","templated":true}]}}