{"id":64674,"date":"2021-04-16T09:22:09","date_gmt":"2021-04-16T14:22:09","guid":{"rendered":"http:\/\/globalnewsmexico.com\/sitio\/?p=64674"},"modified":"2021-04-16T09:22:41","modified_gmt":"2021-04-16T14:22:41","slug":"clases-presenciales-estarian-permitidas-en-semaforo-amarillo-tras-vacunacion-anticovid-de-maestros-ssa","status":"publish","type":"post","link":"https:\/\/globalnewsmexico.com\/sitio\/clases-presenciales-estarian-permitidas-en-semaforo-amarillo-tras-vacunacion-anticovid-de-maestros-ssa\/","title":{"rendered":"Clases presenciales estar\u00edan permitidas en sem\u00e1foro amarillo tras vacunaci\u00f3n anticovid de maestros: Ssa"},"content":{"rendered":"\n<p>El subsecretario de Prevenci\u00f3n y Promoci\u00f3n de la Salud, Hugo L\u00f3pez-Gatell, dio a conocer que, tras la\u00a0vacunaci\u00f3n contra el Covid-19 al personal educativo, el regreso a clases presenciales estar\u00eda permitido incluso en estados cuyo sem\u00e1foro epidemiol\u00f3gico se encuentre en amarillo.<\/p>\n\n\n\n<p>Durante\u00a0La Ma\u00f1anera, el funcionario reconoci\u00f3 que la apertura de las escuelas tambi\u00e9n\u00a0representa un \u201creto para los peque\u00f1ines\u201d, pero se ha tomado en cuentas las acciones que han implementado otros pa\u00edses en su regreso a clases; as\u00ed como varios elementos para que el espacio educativo, a\u00fan con limitaciones de infraestructura y las condiciones sociales \u201csea amigable\u201d.<\/p>\n\n\n\n<p>\u201cPlanteamos que la apertura fuera solo con sem\u00e1foros verdes; sin embargo, ahora con la vacunaci\u00f3n permite tener elemento espec\u00edfico de seguridad sanitaria\u201d, coment\u00f3.<\/p>\n\n\n\n<p>De esta manera, L\u00f3pez-Gatell afirm\u00f3 que\u00a0el ant\u00edgeno permitir\u00e1 que las entidades que se encuentren en amarillo\u00a0puedan tener condiciones favorables para garantizar que las clases presenciales tengan el menor riesgo de contagio.<\/p>\n\n\n\n<p>Admiti\u00f3 que\u00a0las condiciones de retorno \u201cno son las convencionales\u201d, pues se deber\u00e1 implementar medidas como dividir a los grupos o separan las sillas, pero a pesar de ello \u201cno se pierden intervenciones de protecci\u00f3n\u201d.<\/p>\n\n\n\n<p>Fuente: Milenio<\/p>\n","protected":false},"excerpt":{"rendered":"<p>El subsecretario de Prevenci\u00f3n y Promoci\u00f3n de la Salud, Hugo L\u00f3pez-Gatell, dio a conocer que, tras la\u00a0vacunaci\u00f3n contra el Covid-19 al personal educativo, el regreso a clases presenciales estar\u00eda permitido incluso en estados cuyo sem\u00e1foro epidemiol\u00f3gico se encuentre en amarillo. Durante\u00a0La Ma\u00f1anera, el funcionario reconoci\u00f3 que la apertura de las escuelas tambi\u00e9n\u00a0representa un \u201creto para<a class=\"read-more\" href=\"https:\/\/globalnewsmexico.com\/sitio\/clases-presenciales-estarian-permitidas-en-semaforo-amarillo-tras-vacunacion-anticovid-de-maestros-ssa\/\">Leer m\u00e1s<\/a><\/p>\n","protected":false},"author":5,"featured_media":64676,"comment_status":"closed","ping_status":"open","sticky":false,"template":"","format":"standard","meta":{"spay_email":"","footnotes":""},"categories":[37,8,39,52],"tags":[],"jetpack_featured_media_url":"https:\/\/i0.wp.com\/globalnewsmexico.com\/sitio\/wp-content\/uploads\/2021\/04\/subsecretario-conferencia-mananera-presidente-palacio_0_0_1200_747.jpg?fit=958%2C596&ssl=1","jetpack_sharing_enabled":true,"jetpack_shortlink":"https:\/\/wp.me\/p9yqPL-gP8","jetpack_likes_enabled":true,"_links":{"self":[{"href":"https:\/\/globalnewsmexico.com\/sitio\/wp-json\/wp\/v2\/posts\/64674"}],"collection":[{"href":"https:\/\/globalnewsmexico.com\/sitio\/wp-json\/wp\/v2\/posts"}],"about":[{"href":"https:\/\/globalnewsmexico.com\/sitio\/wp-json\/wp\/v2\/types\/post"}],"author":[{"embeddable":true,"href":"https:\/\/globalnewsmexico.com\/sitio\/wp-json\/wp\/v2\/users\/5"}],"replies":[{"embeddable":true,"href":"https:\/\/globalnewsmexico.com\/sitio\/wp-json\/wp\/v2\/comments?post=64674"}],"version-history":[{"count":0,"href":"https:\/\/globalnewsmexico.com\/sitio\/wp-json\/wp\/v2\/posts\/64674\/revisions"}],"wp:featuredmedia":[{"embeddable":true,"href":"https:\/\/globalnewsmexico.com\/sitio\/wp-json\/wp\/v2\/media\/64676"}],"wp:attachment":[{"href":"https:\/\/globalnewsmexico.com\/sitio\/wp-json\/wp\/v2\/media?parent=64674"}],"wp:term":[{"taxonomy":"category","embeddable":true,"href":"https:\/\/globalnewsmexico.com\/sitio\/wp-json\/wp\/v2\/categories?post=64674"},{"taxonomy":"post_tag","embeddable":true,"href":"https:\/\/globalnewsmexico.com\/sitio\/wp-json\/wp\/v2\/tags?post=64674"}],"curies":[{"name":"wp","href":"https:\/\/api.w.org\/{rel}","templated":true}]}}