{"id":64721,"date":"2021-04-17T10:02:03","date_gmt":"2021-04-17T15:02:03","guid":{"rendered":"http:\/\/globalnewsmexico.com\/sitio\/?p=64721"},"modified":"2021-04-17T10:02:10","modified_gmt":"2021-04-17T15:02:10","slug":"inicia-el-cortejo-funebre-del-principe-felipe-esposo-de-la-reina-isabel-ii","status":"publish","type":"post","link":"https:\/\/globalnewsmexico.com\/sitio\/inicia-el-cortejo-funebre-del-principe-felipe-esposo-de-la-reina-isabel-ii\/","title":{"rendered":"Inicia el cortejo f\u00fanebre del pr\u00edncipe Felipe, esposo de la reina Isabel II"},"content":{"rendered":"\n<p>El cortejo que acompa\u00f1a al f\u00e9retro del\u00a0pr\u00edncipe Felipe\u00a0sali\u00f3 el s\u00e1bado del patio del\u00a0castillo de Windsor, la residencia real del oeste de Londres, donde muri\u00f3 hace ocho d\u00edas el esposo de Isabel II, hacia la capilla de San Jorge, donde ser\u00e1 enterrado.\u00a0<\/p>\n\n\n\n<p>La procesi\u00f3n, de ocho minutos de duraci\u00f3n, comenz\u00f3 a las 14:45 horas (13h45 GMT) con el traslado del f\u00e9retro en un Land Rover que el pr\u00edncipe ayud\u00f3 a dise\u00f1ar, seguido por los miembros m\u00e1s cercanos de la familia real, incluidos sus cuatro hijos, a pie, seguidos de la reina en un autom\u00f3vil.<\/p>\n\n\n\n<figure class=\"wp-block-image\"><img decoding=\"async\" src=\"https:\/\/i1.wp.com\/www.eluniversal.com.mx\/sites\/default\/files\/u39244\/principe_felipe_reina_isabel_ceremonia_ap.jpg?w=800&#038;ssl=1\" alt=\"principe_felipe_reina_isabel_ceremonia_ap.jpg\" data-recalc-dims=\"1\"\/><\/figure>\n\n\n\n<p>Los miembros de la familia real que participaron en la procesi\u00f3n se alinean al pie de los escalones, en preparaci\u00f3n para el\u00a0minuto de silencio nacional\u00a0a las 3 de la tarde.<\/p>\n\n\n\n<p>El ata\u00fad del duque de Edimburgo est\u00e1 siendo llevado a la capilla, seguido por los miembros de la familia real.<\/p>\n\n\n\n<p>Los integrantes de la realeza se pusieron cubrebocas negros al entrar en la capilla.<\/p>\n\n\n\n<figure class=\"wp-block-image\"><img decoding=\"async\" src=\"https:\/\/i0.wp.com\/www.eluniversal.com.mx\/sites\/default\/files\/u39244\/funeral_felipe_ap.jpg?w=800&#038;ssl=1\" alt=\"funeral_felipe_ap.jpg\" data-recalc-dims=\"1\"\/><\/figure>\n\n\n\n<p>Antes del minuto de silencio del duque, el coche de la\u00a0reina Isabel II\u00a0lleg\u00f3 a la capilla mientras sonaba el himno nacional. Entr\u00f3 para ser recibida por el arzobispo de Canterbury.<\/p>\n\n\n\n<p>Mientras canta el coro, el ata\u00fad se lleva a su lugar en el catafalco, la plataforma elevada donde descansar\u00e1 durante el servicio.<\/p>\n\n\n\n<p>Los miembros de la Familia Real son llevados a sus lugares.<\/p>\n\n\n\n<p><img decoding=\"async\" alt=\"principe_felipe_iglesia_funeral_ap.jpg\" src=\"https:\/\/i1.wp.com\/www.eluniversal.com.mx\/sites\/default\/files\/u39244\/principe_felipe_iglesia_funeral_ap.jpg?w=800&#038;ssl=1\" data-recalc-dims=\"1\"><br><\/p>\n\n\n\n<p>En la ceremonia se han tocado varias pieza, elegidas por el propio&nbsp;duque de Edimburgo.<\/p>\n\n\n\n<p>La reina Isabel II est\u00e1 sentada m\u00e1s cerca del altar. Enfrente de ella est\u00e1 el pr\u00edncipe Carlos junto a Camilla, duquesa de Cornualles.<\/p>\n\n\n\n<p>Fuente: Agencias<\/p>\n\n\n\n<p><\/p>\n","protected":false},"excerpt":{"rendered":"<p>El cortejo que acompa\u00f1a al f\u00e9retro del\u00a0pr\u00edncipe Felipe\u00a0sali\u00f3 el s\u00e1bado del patio del\u00a0castillo de Windsor, la residencia real del oeste de Londres, donde muri\u00f3 hace ocho d\u00edas el esposo de Isabel II, hacia la capilla de San Jorge, donde ser\u00e1 enterrado.\u00a0 La procesi\u00f3n, de ocho minutos de duraci\u00f3n, comenz\u00f3 a las 14:45 horas (13h45 GMT)<a class=\"read-more\" href=\"https:\/\/globalnewsmexico.com\/sitio\/inicia-el-cortejo-funebre-del-principe-felipe-esposo-de-la-reina-isabel-ii\/\">Leer m\u00e1s<\/a><\/p>\n","protected":false},"author":5,"featured_media":64722,"comment_status":"closed","ping_status":"open","sticky":false,"template":"","format":"standard","meta":{"spay_email":"","footnotes":""},"categories":[37,8,48,52],"tags":[],"jetpack_featured_media_url":"https:\/\/i0.wp.com\/globalnewsmexico.com\/sitio\/wp-content\/uploads\/2021\/04\/Captura-3.jpg?fit=1024%2C655&ssl=1","jetpack_sharing_enabled":true,"jetpack_shortlink":"https:\/\/wp.me\/p9yqPL-gPT","jetpack_likes_enabled":true,"_links":{"self":[{"href":"https:\/\/globalnewsmexico.com\/sitio\/wp-json\/wp\/v2\/posts\/64721"}],"collection":[{"href":"https:\/\/globalnewsmexico.com\/sitio\/wp-json\/wp\/v2\/posts"}],"about":[{"href":"https:\/\/globalnewsmexico.com\/sitio\/wp-json\/wp\/v2\/types\/post"}],"author":[{"embeddable":true,"href":"https:\/\/globalnewsmexico.com\/sitio\/wp-json\/wp\/v2\/users\/5"}],"replies":[{"embeddable":true,"href":"https:\/\/globalnewsmexico.com\/sitio\/wp-json\/wp\/v2\/comments?post=64721"}],"version-history":[{"count":0,"href":"https:\/\/globalnewsmexico.com\/sitio\/wp-json\/wp\/v2\/posts\/64721\/revisions"}],"wp:featuredmedia":[{"embeddable":true,"href":"https:\/\/globalnewsmexico.com\/sitio\/wp-json\/wp\/v2\/media\/64722"}],"wp:attachment":[{"href":"https:\/\/globalnewsmexico.com\/sitio\/wp-json\/wp\/v2\/media?parent=64721"}],"wp:term":[{"taxonomy":"category","embeddable":true,"href":"https:\/\/globalnewsmexico.com\/sitio\/wp-json\/wp\/v2\/categories?post=64721"},{"taxonomy":"post_tag","embeddable":true,"href":"https:\/\/globalnewsmexico.com\/sitio\/wp-json\/wp\/v2\/tags?post=64721"}],"curies":[{"name":"wp","href":"https:\/\/api.w.org\/{rel}","templated":true}]}}