{"id":64752,"date":"2021-04-17T16:18:41","date_gmt":"2021-04-17T21:18:41","guid":{"rendered":"http:\/\/globalnewsmexico.com\/sitio\/?p=64752"},"modified":"2021-04-17T16:18:45","modified_gmt":"2021-04-17T21:18:45","slug":"delfina-gomez-titular-de-la-sep-encabezara-jornada-de-vacunacion-a-maestros-en-veracruz","status":"publish","type":"post","link":"https:\/\/globalnewsmexico.com\/sitio\/delfina-gomez-titular-de-la-sep-encabezara-jornada-de-vacunacion-a-maestros-en-veracruz\/","title":{"rendered":"Delfina G\u00f3mez, titular de la SEP, encabezar\u00e1 jornada de vacunaci\u00f3n a maestros en Veracruz"},"content":{"rendered":"\n<p>La titular de la Secretar\u00eda de Educaci\u00f3n P\u00fablica (SEP), Delfina G\u00f3mez, encabezar\u00e1 la jornada de vacunaci\u00f3n a maestros en el estado de Veracruz.<\/p>\n\n\n\n<p>El delegado federal, Manuel Huerta Ladr\u00f3n de Guevara, inform\u00f3\u00a0que la funcionaria estar\u00e1 al frente de las actividades que comienzan el pr\u00f3ximo martes 20 de abril.<\/p>\n\n\n\n<p>\u00abEl estado de Veracruz tiene la suerte que el presidente lo conoce bien y conoce de la complejidad territorial y por eso manda\u00bb a la secretaria.<\/p>\n\n\n\n<p>Calcul\u00f3 que cerca de 200 mil profesores recibir\u00e1n la inmunizaci\u00f3n, aunque los detalles de a d\u00f3nde acudir cuando viven en un municipio y trabajan en otro, los tendr\u00e1 que dar a conocer el Gobierno estatal.<\/p>\n\n\n\n<p>Recientemente, el Gobierno estatal inform\u00f3 que\u00a0los m\u00f3dulos ser\u00e1n instalados en\u00a0cinco sedes en las que recibir\u00e1n a los docentes, despu\u00e9s de inscribirse en la p\u00e1gina vacunadocentes.sev.gob.mx.<\/p>\n\n\n\n<p>En Xalapa, ser\u00e1 en la Zona Universitaria; en Boca Del R\u00edo, el m\u00f3dulo estar\u00e1 instalado en el World Trade Center; en Tuxpan, en la Expo Ganadera.<\/p>\n\n\n\n<p>En el caso del m\u00f3dulo de vacunaci\u00f3n en Orizaba, ser\u00e1 instalado en el Foro Orizaba y, en Coatzacoalcos, se har\u00e1 lo propio en el Instituto Tecnol\u00f3gico Superior de Coatzacoalcos.<\/p>\n\n\n\n<p>Fuente: Xeu Noticias<\/p>\n","protected":false},"excerpt":{"rendered":"<p>La titular de la Secretar\u00eda de Educaci\u00f3n P\u00fablica (SEP), Delfina G\u00f3mez, encabezar\u00e1 la jornada de vacunaci\u00f3n a maestros en el estado de Veracruz. El delegado federal, Manuel Huerta Ladr\u00f3n de Guevara, inform\u00f3\u00a0que la funcionaria estar\u00e1 al frente de las actividades que comienzan el pr\u00f3ximo martes 20 de abril. \u00abEl estado de Veracruz tiene la suerte<a class=\"read-more\" href=\"https:\/\/globalnewsmexico.com\/sitio\/delfina-gomez-titular-de-la-sep-encabezara-jornada-de-vacunacion-a-maestros-en-veracruz\/\">Leer m\u00e1s<\/a><\/p>\n","protected":false},"author":5,"featured_media":64753,"comment_status":"closed","ping_status":"open","sticky":false,"template":"","format":"standard","meta":{"spay_email":"","footnotes":""},"categories":[37,8,50,52],"tags":[],"jetpack_featured_media_url":"https:\/\/i2.wp.com\/globalnewsmexico.com\/sitio\/wp-content\/uploads\/2021\/04\/1153842.jpg?fit=1024%2C683&ssl=1","jetpack_sharing_enabled":true,"jetpack_shortlink":"https:\/\/wp.me\/p9yqPL-gQo","jetpack_likes_enabled":true,"_links":{"self":[{"href":"https:\/\/globalnewsmexico.com\/sitio\/wp-json\/wp\/v2\/posts\/64752"}],"collection":[{"href":"https:\/\/globalnewsmexico.com\/sitio\/wp-json\/wp\/v2\/posts"}],"about":[{"href":"https:\/\/globalnewsmexico.com\/sitio\/wp-json\/wp\/v2\/types\/post"}],"author":[{"embeddable":true,"href":"https:\/\/globalnewsmexico.com\/sitio\/wp-json\/wp\/v2\/users\/5"}],"replies":[{"embeddable":true,"href":"https:\/\/globalnewsmexico.com\/sitio\/wp-json\/wp\/v2\/comments?post=64752"}],"version-history":[{"count":0,"href":"https:\/\/globalnewsmexico.com\/sitio\/wp-json\/wp\/v2\/posts\/64752\/revisions"}],"wp:featuredmedia":[{"embeddable":true,"href":"https:\/\/globalnewsmexico.com\/sitio\/wp-json\/wp\/v2\/media\/64753"}],"wp:attachment":[{"href":"https:\/\/globalnewsmexico.com\/sitio\/wp-json\/wp\/v2\/media?parent=64752"}],"wp:term":[{"taxonomy":"category","embeddable":true,"href":"https:\/\/globalnewsmexico.com\/sitio\/wp-json\/wp\/v2\/categories?post=64752"},{"taxonomy":"post_tag","embeddable":true,"href":"https:\/\/globalnewsmexico.com\/sitio\/wp-json\/wp\/v2\/tags?post=64752"}],"curies":[{"name":"wp","href":"https:\/\/api.w.org\/{rel}","templated":true}]}}