{"id":64754,"date":"2021-04-17T16:38:14","date_gmt":"2021-04-17T21:38:14","guid":{"rendered":"http:\/\/globalnewsmexico.com\/sitio\/?p=64754"},"modified":"2021-04-17T16:38:26","modified_gmt":"2021-04-17T21:38:26","slug":"exgobernador-de-colima-senalado-de-desvios-reaparece-con-candidatos-del-pvem","status":"publish","type":"post","link":"https:\/\/globalnewsmexico.com\/sitio\/exgobernador-de-colima-senalado-de-desvios-reaparece-con-candidatos-del-pvem\/","title":{"rendered":"Exgobernador de Colima, se\u00f1alado de desv\u00edos, reaparece con candidatos del PVEM"},"content":{"rendered":"\n<p>El exgobernador de\u00a0Colima, Mario Anguiano Moreno, reapareci\u00f3 p\u00fablicamente este s\u00e1bado, al participar en una cabalgata en la zona rural del estado encabezada por candidatos del Partido Verde Ecologista de M\u00e9xico (PVEM).<\/p>\n\n\n\n<p>En la cabalgata particip\u00f3 el candidato a gobernador, Virgilio Mendoza Amezcua, as\u00ed como los expriistas Agust\u00edn Morales Anguiano, candidato a la diputaci\u00f3n federal por el distrito 1, y Jos\u00e9 Manuel Romero Coello, candidato a\u00a0alcalde de Colima.<\/p>\n\n\n\n<p>El Congreso del Estado determin\u00f3 sancionar a Mario Anguiano con una multa de 515.1 millones de pesos por desv\u00edo de recursos p\u00fablicos, misma que debe ser ejecutada por la Secretar\u00eda de Administraci\u00f3n del Gobierno del Estado.<\/p>\n\n\n\n<p>En febrero de 2020, Anguiano Moreno se entreg\u00f3 a la Fiscal\u00eda General de Justicia del Estado, aunque su proceso no es penal, sino administrativo, por lo que no tuvo repercusi\u00f3n real este acto.<\/p>\n\n\n\n<p>Ah\u00ed acept\u00f3 la multa, pero aclar\u00f3 que si desvi\u00f3 recursos del erario no fue ilegal, sino \u00abuna incorrecci\u00f3n\u00bb, pues dijo que los recursos no fueron desviados para su beneficio, sino para el pago de gasto corriente.<\/p>\n\n\n\n<p>Fuente: Milenio<\/p>\n","protected":false},"excerpt":{"rendered":"<p>El exgobernador de\u00a0Colima, Mario Anguiano Moreno, reapareci\u00f3 p\u00fablicamente este s\u00e1bado, al participar en una cabalgata en la zona rural del estado encabezada por candidatos del Partido Verde Ecologista de M\u00e9xico (PVEM). En la cabalgata particip\u00f3 el candidato a gobernador, Virgilio Mendoza Amezcua, as\u00ed como los expriistas Agust\u00edn Morales Anguiano, candidato a la diputaci\u00f3n federal por<a class=\"read-more\" href=\"https:\/\/globalnewsmexico.com\/sitio\/exgobernador-de-colima-senalado-de-desvios-reaparece-con-candidatos-del-pvem\/\">Leer m\u00e1s<\/a><\/p>\n","protected":false},"author":5,"featured_media":64755,"comment_status":"closed","ping_status":"open","sticky":false,"template":"","format":"standard","meta":{"spay_email":"","footnotes":""},"categories":[37,8,49,52],"tags":[],"jetpack_featured_media_url":"https:\/\/i0.wp.com\/globalnewsmexico.com\/sitio\/wp-content\/uploads\/2021\/04\/gobernador-colima-mario-anguiano-moreno_46_0_868_540.jpeg?fit=958%2C596&ssl=1","jetpack_sharing_enabled":true,"jetpack_shortlink":"https:\/\/wp.me\/p9yqPL-gQq","jetpack_likes_enabled":true,"_links":{"self":[{"href":"https:\/\/globalnewsmexico.com\/sitio\/wp-json\/wp\/v2\/posts\/64754"}],"collection":[{"href":"https:\/\/globalnewsmexico.com\/sitio\/wp-json\/wp\/v2\/posts"}],"about":[{"href":"https:\/\/globalnewsmexico.com\/sitio\/wp-json\/wp\/v2\/types\/post"}],"author":[{"embeddable":true,"href":"https:\/\/globalnewsmexico.com\/sitio\/wp-json\/wp\/v2\/users\/5"}],"replies":[{"embeddable":true,"href":"https:\/\/globalnewsmexico.com\/sitio\/wp-json\/wp\/v2\/comments?post=64754"}],"version-history":[{"count":0,"href":"https:\/\/globalnewsmexico.com\/sitio\/wp-json\/wp\/v2\/posts\/64754\/revisions"}],"wp:featuredmedia":[{"embeddable":true,"href":"https:\/\/globalnewsmexico.com\/sitio\/wp-json\/wp\/v2\/media\/64755"}],"wp:attachment":[{"href":"https:\/\/globalnewsmexico.com\/sitio\/wp-json\/wp\/v2\/media?parent=64754"}],"wp:term":[{"taxonomy":"category","embeddable":true,"href":"https:\/\/globalnewsmexico.com\/sitio\/wp-json\/wp\/v2\/categories?post=64754"},{"taxonomy":"post_tag","embeddable":true,"href":"https:\/\/globalnewsmexico.com\/sitio\/wp-json\/wp\/v2\/tags?post=64754"}],"curies":[{"name":"wp","href":"https:\/\/api.w.org\/{rel}","templated":true}]}}