{"id":64793,"date":"2021-04-19T16:39:29","date_gmt":"2021-04-19T21:39:29","guid":{"rendered":"http:\/\/globalnewsmexico.com\/sitio\/?p=64793"},"modified":"2021-04-19T16:39:46","modified_gmt":"2021-04-19T21:39:46","slug":"reaparece-secretario-de-marina-tras-padecer-covid-19","status":"publish","type":"post","link":"https:\/\/globalnewsmexico.com\/sitio\/reaparece-secretario-de-marina-tras-padecer-covid-19\/","title":{"rendered":"Reaparece secretario de Marina tras padecer Covid-19"},"content":{"rendered":"\n<p>El secretario de Marina, Jos\u00e9 Rafael Ojeda Dur\u00e1n, reapareci\u00f3 p\u00fablicamente tras\u00a0padecer Covid-19 dos veces, y hoy encabez\u00f3 el evento de entrega-recepci\u00f3n de la subsecretar\u00eda de esta instituci\u00f3n que recibi\u00f3 el almirante Jos\u00e9 Luis Arellano Ruiz por parte de su contraparte Eduardo Redondo Ar\u00e1mburo.<\/p>\n\n\n\n<p>El 18 de octubre, el almirante Ojeda Dur\u00e1n dio a conocer que estaba contagiado; el 23 de febrero de este a\u00f1o\u00a0volvi\u00f3 a contraer el virus, as\u00ed lo dio a conocer en su cuenta de Twitter. Incluso el presidente Andr\u00e9s Manuel L\u00f3pez Obrador dijo que fue necesario que estuviera hospitalizado.<\/p>\n\n\n\n<p>La Secretar\u00eda de Marina inform\u00f3 que el titular de la dependencia atestigu\u00f3 la ceremonia de cambio de subsecretario.<\/p>\n\n\n\n<p>El almirante Jos\u00e9 Luis Arellano, quien asumi\u00f3 la subsecretar\u00eda, es originario de Puebla; se gradu\u00f3 como ingeniero en Ciencias Navales de la Heroica Escuela Naval Militar y ha realizado diversos estudios de posgrado y cursos, de los cuales destacan el curso de Seguridad Nacional, Estado Mayor, Mando Naval, en el Centro de Estudios Superiores Navales (CESNAV).<\/p>\n\n\n\n<p>Tambi\u00e9n tom\u00f3 diplomados en la Universidad Nacional Aut\u00f3noma de M\u00e9xico (UNAM), en el Centro de Investigaci\u00f3n y Docencia Econ\u00f3micas (CIDE), en el\u00a0Instituto Tecnol\u00f3gico Aut\u00f3nomo de M\u00e9xico\u00a0(ITAM), y la Universidad Iberoamericana (UIA) en la Ciudad de M\u00e9xico, adem\u00e1s de diversos estudios en Colombia, El Salvador, Guatemala y Estados Unidos.<\/p>\n\n\n\n<p>Se ha desempe\u00f1ado en diversas unidades y establecimientos navales, como comandante de diferentes Buques de la Armada de M\u00e9xico, comandante de la Octava Zona Naval, rector de la Universidad Naval y comandante del Cuartel General del Alto Mando.<\/p>\n\n\n\n<p>Gestion\u00f3 y concret\u00f3 la transferencia de las Capitan\u00edas de Puerto de la Secretar\u00eda de Comunicaciones y Transportes (SCT) a la Secretar\u00eda de Marina, dando origen a la Autoridad Mar\u00edtima Nacional (AMN).<\/p>\n\n\n\n<p>Fuente: Milenio<\/p>\n","protected":false},"excerpt":{"rendered":"<p>El secretario de Marina, Jos\u00e9 Rafael Ojeda Dur\u00e1n, reapareci\u00f3 p\u00fablicamente tras\u00a0padecer Covid-19 dos veces, y hoy encabez\u00f3 el evento de entrega-recepci\u00f3n de la subsecretar\u00eda de esta instituci\u00f3n que recibi\u00f3 el almirante Jos\u00e9 Luis Arellano Ruiz por parte de su contraparte Eduardo Redondo Ar\u00e1mburo. El 18 de octubre, el almirante Ojeda Dur\u00e1n dio a conocer que<a class=\"read-more\" href=\"https:\/\/globalnewsmexico.com\/sitio\/reaparece-secretario-de-marina-tras-padecer-covid-19\/\">Leer m\u00e1s<\/a><\/p>\n","protected":false},"author":5,"featured_media":64794,"comment_status":"closed","ping_status":"open","sticky":false,"template":"","format":"standard","meta":{"spay_email":"","footnotes":""},"categories":[37,8,49,52],"tags":[],"jetpack_featured_media_url":"https:\/\/i0.wp.com\/globalnewsmexico.com\/sitio\/wp-content\/uploads\/2021\/04\/almirante-encabezo-evento-entrega-recepcion_2_82_699_434.jpg?fit=958%2C596&ssl=1","jetpack_sharing_enabled":true,"jetpack_shortlink":"https:\/\/wp.me\/p9yqPL-gR3","jetpack_likes_enabled":true,"_links":{"self":[{"href":"https:\/\/globalnewsmexico.com\/sitio\/wp-json\/wp\/v2\/posts\/64793"}],"collection":[{"href":"https:\/\/globalnewsmexico.com\/sitio\/wp-json\/wp\/v2\/posts"}],"about":[{"href":"https:\/\/globalnewsmexico.com\/sitio\/wp-json\/wp\/v2\/types\/post"}],"author":[{"embeddable":true,"href":"https:\/\/globalnewsmexico.com\/sitio\/wp-json\/wp\/v2\/users\/5"}],"replies":[{"embeddable":true,"href":"https:\/\/globalnewsmexico.com\/sitio\/wp-json\/wp\/v2\/comments?post=64793"}],"version-history":[{"count":0,"href":"https:\/\/globalnewsmexico.com\/sitio\/wp-json\/wp\/v2\/posts\/64793\/revisions"}],"wp:featuredmedia":[{"embeddable":true,"href":"https:\/\/globalnewsmexico.com\/sitio\/wp-json\/wp\/v2\/media\/64794"}],"wp:attachment":[{"href":"https:\/\/globalnewsmexico.com\/sitio\/wp-json\/wp\/v2\/media?parent=64793"}],"wp:term":[{"taxonomy":"category","embeddable":true,"href":"https:\/\/globalnewsmexico.com\/sitio\/wp-json\/wp\/v2\/categories?post=64793"},{"taxonomy":"post_tag","embeddable":true,"href":"https:\/\/globalnewsmexico.com\/sitio\/wp-json\/wp\/v2\/tags?post=64793"}],"curies":[{"name":"wp","href":"https:\/\/api.w.org\/{rel}","templated":true}]}}