{"id":64835,"date":"2021-04-20T14:16:22","date_gmt":"2021-04-20T19:16:22","guid":{"rendered":"http:\/\/globalnewsmexico.com\/sitio\/?p=64835"},"modified":"2021-04-20T14:19:34","modified_gmt":"2021-04-20T19:19:34","slug":"diputados-votaran-manana-ampliacion-de-mandato-de-arturo-zaldivar-en-la-scjn","status":"publish","type":"post","link":"https:\/\/globalnewsmexico.com\/sitio\/diputados-votaran-manana-ampliacion-de-mandato-de-arturo-zaldivar-en-la-scjn\/","title":{"rendered":"Diputados votar\u00e1n ma\u00f1ana ampliaci\u00f3n de mandato de Arturo Zald\u00edvar en la SCJN"},"content":{"rendered":"\n<p>La Junta de Coordinaci\u00f3n Pol\u00edtica (Jucopo) de la C\u00e1mara de Diputados acord\u00f3 dispensar todos los tr\u00e1mites y\u00a0votar ma\u00f1ana en sesi\u00f3n ordinaria la reforma al Poder Judicial\u00a0que, entre otros aspectos, prev\u00e9 la\u00a0ampliaci\u00f3n de dos a\u00f1os a la gesti\u00f3n del ministro Arturo Zald\u00edvar\u00a0como presidente de la Suprema Corte de Justicia de la Naci\u00f3n (SCJN).\u00a0<\/p>\n\n\n\n<p>Por mayor\u00eda de votos, la fracci\u00f3n de Morena y sus aliados determinaron enlistar dicho asunto en el orden del d\u00eda de la sesi\u00f3n del mi\u00e9rcoles, tras\u00a0desechar la propuesta de la oposici\u00f3n de discutir primero el tema en parlamento abierto.<\/p>\n\n\n\n<p>El coordinador de la bancada morenista, Ignacio Mier, confirm\u00f3 la decisi\u00f3n de obviar los tr\u00e1mites para la discusi\u00f3n de las siete leyes secundarias de la reforma al Poder Judicial y dijo que el art\u00edculo transitorio para ampliar el mandato del ministro Arturo Zald\u00edvar tiene el prop\u00f3sito de garantizar dichos cambios.<\/p>\n\n\n\n<p>\u201cEse es el esp\u00edritu que tiene el transitorio, que alargar el periodo del presidente de la Suprema Corte pueda dar tambi\u00e9n oportunidad de garantizar el cumplimiento de la reforma\u201d, indic\u00f3.<\/p>\n\n\n\n<p>En entrevista, revel\u00f3 que ya tuvo contacto con el ministro Arturo Zald\u00edvar, pero sin profundizar en el tema, por lo cual sostendr\u00e1\u00a0hoy una conversaci\u00f3n de fondo con el presidente de la Corte.<\/p>\n\n\n\n<p>La coordinadora parlamentaria del PRD, Ver\u00f3nica Ju\u00e1rez, lament\u00f3 la decisi\u00f3n de la mayor\u00eda parlamentaria de darle&nbsp;<em>fast track<\/em>&nbsp;a la reforma al Poder Judicial, sin oportunidad de escuchar a especialistas y expertos que advierten sobre la inconstitucionalidad de extender la gesti\u00f3n de Arturo Zald\u00edvar.<\/p>\n\n\n\n<p>Afirm\u00f3 que la mayor\u00eda parlamentaria obedece solamente una instrucci\u00f3n presidencial.<\/p>\n\n\n\n<p>\u201cNosotros, desde la oposici\u00f3n, esperando\u00a0poder sensibilizar a diputados de Morena y sus aliados para que cumplan con lo que est\u00e1 establecido en la Constituci\u00f3n\u00a0y no violentar y torcer la misma, y reconocer que una ley no est\u00e1 por encima de la Constituci\u00f3n\u201d, puntualiz\u00f3.<\/p>\n\n\n\n<p>Fuente: Milenio<\/p>\n\n\n\n<p><\/p>\n","protected":false},"excerpt":{"rendered":"<p>La Junta de Coordinaci\u00f3n Pol\u00edtica (Jucopo) de la C\u00e1mara de Diputados acord\u00f3 dispensar todos los tr\u00e1mites y\u00a0votar ma\u00f1ana en sesi\u00f3n ordinaria la reforma al Poder Judicial\u00a0que, entre otros aspectos, prev\u00e9 la\u00a0ampliaci\u00f3n de dos a\u00f1os a la gesti\u00f3n del ministro Arturo Zald\u00edvar\u00a0como presidente de la Suprema Corte de Justicia de la Naci\u00f3n (SCJN).\u00a0 Por mayor\u00eda de<a class=\"read-more\" href=\"https:\/\/globalnewsmexico.com\/sitio\/diputados-votaran-manana-ampliacion-de-mandato-de-arturo-zaldivar-en-la-scjn\/\">Leer m\u00e1s<\/a><\/p>\n","protected":false},"author":5,"featured_media":64836,"comment_status":"closed","ping_status":"open","sticky":false,"template":"","format":"standard","meta":{"spay_email":"","footnotes":""},"categories":[37,8,49,52],"tags":[],"jetpack_featured_media_url":"https:\/\/i2.wp.com\/globalnewsmexico.com\/sitio\/wp-content\/uploads\/2021\/04\/arturo-zaldivar-ministro-presidente-suprema_0_27_1200_746.jpeg?fit=958%2C596&ssl=1","jetpack_sharing_enabled":true,"jetpack_shortlink":"https:\/\/wp.me\/p9yqPL-gRJ","jetpack_likes_enabled":true,"_links":{"self":[{"href":"https:\/\/globalnewsmexico.com\/sitio\/wp-json\/wp\/v2\/posts\/64835"}],"collection":[{"href":"https:\/\/globalnewsmexico.com\/sitio\/wp-json\/wp\/v2\/posts"}],"about":[{"href":"https:\/\/globalnewsmexico.com\/sitio\/wp-json\/wp\/v2\/types\/post"}],"author":[{"embeddable":true,"href":"https:\/\/globalnewsmexico.com\/sitio\/wp-json\/wp\/v2\/users\/5"}],"replies":[{"embeddable":true,"href":"https:\/\/globalnewsmexico.com\/sitio\/wp-json\/wp\/v2\/comments?post=64835"}],"version-history":[{"count":0,"href":"https:\/\/globalnewsmexico.com\/sitio\/wp-json\/wp\/v2\/posts\/64835\/revisions"}],"wp:featuredmedia":[{"embeddable":true,"href":"https:\/\/globalnewsmexico.com\/sitio\/wp-json\/wp\/v2\/media\/64836"}],"wp:attachment":[{"href":"https:\/\/globalnewsmexico.com\/sitio\/wp-json\/wp\/v2\/media?parent=64835"}],"wp:term":[{"taxonomy":"category","embeddable":true,"href":"https:\/\/globalnewsmexico.com\/sitio\/wp-json\/wp\/v2\/categories?post=64835"},{"taxonomy":"post_tag","embeddable":true,"href":"https:\/\/globalnewsmexico.com\/sitio\/wp-json\/wp\/v2\/tags?post=64835"}],"curies":[{"name":"wp","href":"https:\/\/api.w.org\/{rel}","templated":true}]}}