{"id":64854,"date":"2021-04-21T09:41:34","date_gmt":"2021-04-21T14:41:34","guid":{"rendered":"http:\/\/globalnewsmexico.com\/sitio\/?p=64854"},"modified":"2021-04-21T09:41:42","modified_gmt":"2021-04-21T14:41:42","slug":"gobierno-alista-defensa-de-padron-de-telefonia-movil-tras-suspension-de-juez","status":"publish","type":"post","link":"https:\/\/globalnewsmexico.com\/sitio\/gobierno-alista-defensa-de-padron-de-telefonia-movil-tras-suspension-de-juez\/","title":{"rendered":"Gobierno alista defensa de padr\u00f3n de telefon\u00eda m\u00f3vil tras suspensi\u00f3n de juez"},"content":{"rendered":"\n<p>El subsecretario de Seguridad y Protecci\u00f3n Ciudadana, Ricardo Mej\u00eda Berdeja, asegur\u00f3 que el Gobierno combatir\u00e1\u00a0la primera suspensi\u00f3n provisional concedida\u00a0contra el padr\u00f3n de telefon\u00eda m\u00f3vil. Adem\u00e1s, acus\u00f3 que la decisi\u00f3n\u00a0fue tomada por un juez \u201cde contentillo que act\u00faa de queda bien\u201d, beneficiando a la industria privada.<\/p>\n\n\n\n<p>En\u00a0La Ma\u00f1anera, el funcionario record\u00f3 que el objetivo del padr\u00f3n es\u00a0evitar que la delincuencia organizada se beneficia del anonimato en la telefon\u00eda m\u00f3vil de prepago, y se cometan secuestros, extorsiones o trata de personas. Sin embargo, apunt\u00f3 que, aunque todav\u00eda no se han publicado los lineamientos, ya existe una suspensi\u00f3n en contra de la reforma.<\/p>\n\n\n\n<p>\u201cHa sido tal el inter\u00e9s de privilegiar las ventas que un juez a modo, un juez por encargo, (\u2026) un juez de contentillo que act\u00faa de queda bien ya otorg\u00f3, de manera fr\u00edvola,\u00a0una suspensi\u00f3n provisional que se va a combatir\u201d, dijo.<\/p>\n\n\n\n<p>Mej\u00eda Berdeja sostuvo que ya se prepara una defensa para hacer que la ley se aplique. Al mismo tiempo, record\u00f3 que\u00a0la captura de datos biom\u00e9tricos ya es implementada por organismos\u00a0p\u00fablicos y privados, pues tanto los bancos, como el Servicio de Administraci\u00f3n Tributaria o el Instituto Mexicano del Seguro Social hacen uso de esta informaci\u00f3n.<\/p>\n\n\n\n<p>\u201c\u00bfPor qu\u00e9 esta oposici\u00f3n tan fuerte? Porque hay quien defiende modelo de ventas, nosotros: un modelo de seguridad.\u00a0Hay 155 pa\u00edses que tienen registro obligatorio de tel\u00e9fono m\u00f3vil, hablamos de pa\u00edses de diferente \u00edndole, como India, Jap\u00f3n, Alemania, Francia, Singapur, Espa\u00f1a, Per\u00fa, Argentina o B\u00e9lgica\u201d, resalt\u00f3.<\/p>\n\n\n\n<p>Del mismo modo, el subsecretario explic\u00f3 que nueve de cada 10 llamadas relacionadas con extorsiones\u00a0se realizan desde celulares de prepago, mientras que en casos de secuestro se han documentado m\u00e1s de 20 n\u00fameros de esta \u00edndole utilizados por delincuentes para llamar a familiares.<\/p>\n\n\n\n<p>Adem\u00e1s, junto a las armas decomisadas en operativos, es com\u00fan encontrar tarjetas SIM de prepago utilizadas. \u201cQueremos que los delincuentes no se escuden en el anonimato, vamos a seguir defendiendo este padr\u00f3n, que es por la seguridad, ojal\u00e1 que hubiera jueces que defiendan al pueblo con esa celeridad\u201d, reiter\u00f3.<\/p>\n\n\n\n<p>Fuente: Milenio<\/p>\n","protected":false},"excerpt":{"rendered":"<p>El subsecretario de Seguridad y Protecci\u00f3n Ciudadana, Ricardo Mej\u00eda Berdeja, asegur\u00f3 que el Gobierno combatir\u00e1\u00a0la primera suspensi\u00f3n provisional concedida\u00a0contra el padr\u00f3n de telefon\u00eda m\u00f3vil. Adem\u00e1s, acus\u00f3 que la decisi\u00f3n\u00a0fue tomada por un juez \u201cde contentillo que act\u00faa de queda bien\u201d, beneficiando a la industria privada. En\u00a0La Ma\u00f1anera, el funcionario record\u00f3 que el objetivo del padr\u00f3n<a class=\"read-more\" href=\"https:\/\/globalnewsmexico.com\/sitio\/gobierno-alista-defensa-de-padron-de-telefonia-movil-tras-suspension-de-juez\/\">Leer m\u00e1s<\/a><\/p>\n","protected":false},"author":5,"featured_media":64855,"comment_status":"closed","ping_status":"open","sticky":false,"template":"","format":"standard","meta":{"spay_email":"","footnotes":""},"categories":[37,8,39,52],"tags":[],"jetpack_featured_media_url":"https:\/\/i0.wp.com\/globalnewsmexico.com\/sitio\/wp-content\/uploads\/2021\/04\/reforma-ley-federal-telecomunicaciones-radiodifusion_0_0_1200_747.jpg?fit=958%2C596&ssl=1","jetpack_sharing_enabled":true,"jetpack_shortlink":"https:\/\/wp.me\/p9yqPL-gS2","jetpack_likes_enabled":true,"_links":{"self":[{"href":"https:\/\/globalnewsmexico.com\/sitio\/wp-json\/wp\/v2\/posts\/64854"}],"collection":[{"href":"https:\/\/globalnewsmexico.com\/sitio\/wp-json\/wp\/v2\/posts"}],"about":[{"href":"https:\/\/globalnewsmexico.com\/sitio\/wp-json\/wp\/v2\/types\/post"}],"author":[{"embeddable":true,"href":"https:\/\/globalnewsmexico.com\/sitio\/wp-json\/wp\/v2\/users\/5"}],"replies":[{"embeddable":true,"href":"https:\/\/globalnewsmexico.com\/sitio\/wp-json\/wp\/v2\/comments?post=64854"}],"version-history":[{"count":0,"href":"https:\/\/globalnewsmexico.com\/sitio\/wp-json\/wp\/v2\/posts\/64854\/revisions"}],"wp:featuredmedia":[{"embeddable":true,"href":"https:\/\/globalnewsmexico.com\/sitio\/wp-json\/wp\/v2\/media\/64855"}],"wp:attachment":[{"href":"https:\/\/globalnewsmexico.com\/sitio\/wp-json\/wp\/v2\/media?parent=64854"}],"wp:term":[{"taxonomy":"category","embeddable":true,"href":"https:\/\/globalnewsmexico.com\/sitio\/wp-json\/wp\/v2\/categories?post=64854"},{"taxonomy":"post_tag","embeddable":true,"href":"https:\/\/globalnewsmexico.com\/sitio\/wp-json\/wp\/v2\/tags?post=64854"}],"curies":[{"name":"wp","href":"https:\/\/api.w.org\/{rel}","templated":true}]}}