{"id":64933,"date":"2021-04-22T15:41:03","date_gmt":"2021-04-22T20:41:03","guid":{"rendered":"http:\/\/globalnewsmexico.com\/sitio\/?p=64933"},"modified":"2021-04-22T15:41:08","modified_gmt":"2021-04-22T20:41:08","slug":"atacan-a-balazos-casa-de-comandante-de-policia-en-ixtaczoquitlan-veracruz","status":"publish","type":"post","link":"https:\/\/globalnewsmexico.com\/sitio\/atacan-a-balazos-casa-de-comandante-de-policia-en-ixtaczoquitlan-veracruz\/","title":{"rendered":"Atacan a balazos casa de comandante de polic\u00eda en Ixtaczoquitl\u00e1n, Veracruz"},"content":{"rendered":"\n<p>Una mujer herida de bala fue el saldo que dej\u00f3 un ataque armado al domicilio de un comandante de la Polic\u00eda Municipal de Ixtaczoquitl\u00e1n, ubicado en el interior de la Unidad Habitacional Las \u00c1nimas de dicha localidad.<\/p>\n\n\n\n<p>Se conoce que sujetos desconocidos que portaban armas de uso exclusivo de las fuerzas armadas y viajaban a bordo de un autom\u00f3vil de color blanco, dispararon contra la fachada del domicilio del comandante de la Polic\u00eda Municipal, de nombre Juan \u00abN\u00bb, asentado en la calle Segunda Privada de Oyameles, para despu\u00e9s escapar del sitio.<\/p>\n\n\n\n<p>Al lugar arribaron oficiales de la polic\u00eda, as\u00ed como param\u00e9dicos de Protecci\u00f3n Civil Municipal, quienes auxiliaron y trasladaron a una mujer presuntamente esposa del oficial, identificada como Amelia \u00abN\u00bb, de 33 a\u00f1os de edad, a un sanatorio de Orizaba para su atenci\u00f3n m\u00e9dica, en donde se reporta estable.<\/p>\n\n\n\n<p>Al sitio arribaron tambi\u00e9n oficiales de la Secretar\u00eda de la Defensa Nacional, as\u00ed como de la Guardia Nacional y Polic\u00eda Estatal, quienes acordonaron y resguardaron el lugar.<\/p>\n\n\n\n<p>M\u00e1s tarde lleg\u00f3 personal de la Fiscal\u00eda municipal, ministeriales y peritos, quienes tomaron conocimiento, integraron una carpeta de investigaci\u00f3n y aseguraron varios casquillos percutidos de arma de fuego de alto poder.<\/p>\n\n\n\n<p>Fuente: Xeu Noticias<\/p>\n","protected":false},"excerpt":{"rendered":"<p>Una mujer herida de bala fue el saldo que dej\u00f3 un ataque armado al domicilio de un comandante de la Polic\u00eda Municipal de Ixtaczoquitl\u00e1n, ubicado en el interior de la Unidad Habitacional Las \u00c1nimas de dicha localidad. Se conoce que sujetos desconocidos que portaban armas de uso exclusivo de las fuerzas armadas y viajaban a<a class=\"read-more\" href=\"https:\/\/globalnewsmexico.com\/sitio\/atacan-a-balazos-casa-de-comandante-de-policia-en-ixtaczoquitlan-veracruz\/\">Leer m\u00e1s<\/a><\/p>\n","protected":false},"author":5,"featured_media":64934,"comment_status":"closed","ping_status":"open","sticky":false,"template":"","format":"standard","meta":{"spay_email":"","footnotes":""},"categories":[37,8,50,52],"tags":[],"jetpack_featured_media_url":"https:\/\/i1.wp.com\/globalnewsmexico.com\/sitio\/wp-content\/uploads\/2021\/04\/1154609.jpg?fit=1024%2C635&ssl=1","jetpack_sharing_enabled":true,"jetpack_shortlink":"https:\/\/wp.me\/p9yqPL-gTj","jetpack_likes_enabled":true,"_links":{"self":[{"href":"https:\/\/globalnewsmexico.com\/sitio\/wp-json\/wp\/v2\/posts\/64933"}],"collection":[{"href":"https:\/\/globalnewsmexico.com\/sitio\/wp-json\/wp\/v2\/posts"}],"about":[{"href":"https:\/\/globalnewsmexico.com\/sitio\/wp-json\/wp\/v2\/types\/post"}],"author":[{"embeddable":true,"href":"https:\/\/globalnewsmexico.com\/sitio\/wp-json\/wp\/v2\/users\/5"}],"replies":[{"embeddable":true,"href":"https:\/\/globalnewsmexico.com\/sitio\/wp-json\/wp\/v2\/comments?post=64933"}],"version-history":[{"count":0,"href":"https:\/\/globalnewsmexico.com\/sitio\/wp-json\/wp\/v2\/posts\/64933\/revisions"}],"wp:featuredmedia":[{"embeddable":true,"href":"https:\/\/globalnewsmexico.com\/sitio\/wp-json\/wp\/v2\/media\/64934"}],"wp:attachment":[{"href":"https:\/\/globalnewsmexico.com\/sitio\/wp-json\/wp\/v2\/media?parent=64933"}],"wp:term":[{"taxonomy":"category","embeddable":true,"href":"https:\/\/globalnewsmexico.com\/sitio\/wp-json\/wp\/v2\/categories?post=64933"},{"taxonomy":"post_tag","embeddable":true,"href":"https:\/\/globalnewsmexico.com\/sitio\/wp-json\/wp\/v2\/tags?post=64933"}],"curies":[{"name":"wp","href":"https:\/\/api.w.org\/{rel}","templated":true}]}}