{"id":64947,"date":"2021-04-23T10:09:50","date_gmt":"2021-04-23T15:09:50","guid":{"rendered":"http:\/\/globalnewsmexico.com\/sitio\/?p=64947"},"modified":"2021-04-23T10:09:54","modified_gmt":"2021-04-23T15:09:54","slug":"ejercere-el-cargo-de-presidente-de-la-corte-para-el-periodo-que-fui-electo-arturo-zaldivar","status":"publish","type":"post","link":"https:\/\/globalnewsmexico.com\/sitio\/ejercere-el-cargo-de-presidente-de-la-corte-para-el-periodo-que-fui-electo-arturo-zaldivar\/","title":{"rendered":"Ejercer\u00e9 el cargo de presidente de la Corte para el periodo que fui electo: Arturo Zald\u00edvar"},"content":{"rendered":"\n<p>El ministro presidente de la Suprema Corte de Justicia de la Naci\u00f3n,\u00a0Arturo Zald\u00edvar, agradeci\u00f3 a los legisladores la\u00a0aprobaci\u00f3n de la reforma al Poder Judicial, que contempla la\u00a0ampliaci\u00f3n del cargo de ministro presidente de la SCJN; sin embargo, asegur\u00f3 que ejercer\u00e1 la presidencia por el periodo por el cual fue electo.<\/p>\n\n\n\n<p>\u00abEjercer\u00e9 el cargo de Presiente de la SCJN y del CJF por el periodo por el cual fue electo por mis pares\u00a0y estar\u00e9 a la determinaci\u00f3n de la SCJN respecto al precepto en cuesti\u00f3n\u00bb, afirm\u00f3 en un comunicado.\u00a0<\/p>\n\n\n\n<p>Aclar\u00f3 que aunque en un art\u00edculo transitorio se ampl\u00eda la duraci\u00f3n de su cargo como presidente de la Corte, no ocurre lo mismo con su puesto como ministro.&nbsp;<\/p>\n\n\n\n<p>\u00abEs cierto que, de \u00faltimo momento, se incluy\u00f3 un art\u00edculo transitorio con el que se ampl\u00eda por dos a\u00f1os la duraci\u00f3n del curso administrativo de la Presidencia\u00a0de la Suprema Corte de Justicia de la Naci\u00f3n (SCJN),\u00a0m\u00e1s no se extiende el plazo de encargo como Ministro de la Corte\u00bb, indic\u00f3.<\/p>\n\n\n\n<p>Arturo Zald\u00edvar aclar\u00f3 que el Consejo de la Judicatura Federal (CJF) no particip\u00f3 en la elaboraci\u00f3n de la reforma, sino que se trat\u00f3 del resultado de la discusi\u00f3n de los legisladores.<\/p>\n\n\n\n<p>Agreg\u00f3 que se mantendr\u00e1 atento \u00aba cualquier acci\u00f3n legal\u00bb que se presente ante la Corte para\u00a0analizar y resolver cualquier acci\u00f3n de inconstitucionalidad.\u00a0<\/p>\n\n\n\n<p>Despu\u00e9s de 10 horas y media de debate y tras desechar 553 reservas presentadas por legisladores de todas las fuerzas pol\u00edticas, la\u00a0C\u00e1mara de Diputados aprob\u00f3 las siete leyes secundarias de la reforma al Poder Judicial, incluida la extensi\u00f3n de dos a\u00f1os a la gesti\u00f3n de Arturo Zald\u00edvar.\u00a0<\/p>\n\n\n\n<p>Sin cambiarle una sola coma, el pleno ratific\u00f3, con 262 votos a favor, 182 en contra y siete abstenciones, el proyecto enviado por el Senado.<\/p>\n\n\n\n<p>Fuente: Milenio<\/p>\n","protected":false},"excerpt":{"rendered":"<p>El ministro presidente de la Suprema Corte de Justicia de la Naci\u00f3n,\u00a0Arturo Zald\u00edvar, agradeci\u00f3 a los legisladores la\u00a0aprobaci\u00f3n de la reforma al Poder Judicial, que contempla la\u00a0ampliaci\u00f3n del cargo de ministro presidente de la SCJN; sin embargo, asegur\u00f3 que ejercer\u00e1 la presidencia por el periodo por el cual fue electo. \u00abEjercer\u00e9 el cargo de Presiente<a class=\"read-more\" href=\"https:\/\/globalnewsmexico.com\/sitio\/ejercere-el-cargo-de-presidente-de-la-corte-para-el-periodo-que-fui-electo-arturo-zaldivar\/\">Leer m\u00e1s<\/a><\/p>\n","protected":false},"author":5,"featured_media":64948,"comment_status":"closed","ping_status":"open","sticky":false,"template":"","format":"standard","meta":{"spay_email":"","footnotes":""},"categories":[37,8,40,52],"tags":[],"jetpack_featured_media_url":"https:\/\/i0.wp.com\/globalnewsmexico.com\/sitio\/wp-content\/uploads\/2021\/04\/ministro-presidente-suprema-corte-arturo.jpg?fit=958%2C596&ssl=1","jetpack_sharing_enabled":true,"jetpack_shortlink":"https:\/\/wp.me\/p9yqPL-gTx","jetpack_likes_enabled":true,"_links":{"self":[{"href":"https:\/\/globalnewsmexico.com\/sitio\/wp-json\/wp\/v2\/posts\/64947"}],"collection":[{"href":"https:\/\/globalnewsmexico.com\/sitio\/wp-json\/wp\/v2\/posts"}],"about":[{"href":"https:\/\/globalnewsmexico.com\/sitio\/wp-json\/wp\/v2\/types\/post"}],"author":[{"embeddable":true,"href":"https:\/\/globalnewsmexico.com\/sitio\/wp-json\/wp\/v2\/users\/5"}],"replies":[{"embeddable":true,"href":"https:\/\/globalnewsmexico.com\/sitio\/wp-json\/wp\/v2\/comments?post=64947"}],"version-history":[{"count":0,"href":"https:\/\/globalnewsmexico.com\/sitio\/wp-json\/wp\/v2\/posts\/64947\/revisions"}],"wp:featuredmedia":[{"embeddable":true,"href":"https:\/\/globalnewsmexico.com\/sitio\/wp-json\/wp\/v2\/media\/64948"}],"wp:attachment":[{"href":"https:\/\/globalnewsmexico.com\/sitio\/wp-json\/wp\/v2\/media?parent=64947"}],"wp:term":[{"taxonomy":"category","embeddable":true,"href":"https:\/\/globalnewsmexico.com\/sitio\/wp-json\/wp\/v2\/categories?post=64947"},{"taxonomy":"post_tag","embeddable":true,"href":"https:\/\/globalnewsmexico.com\/sitio\/wp-json\/wp\/v2\/tags?post=64947"}],"curies":[{"name":"wp","href":"https:\/\/api.w.org\/{rel}","templated":true}]}}