{"id":64957,"date":"2021-04-23T11:50:29","date_gmt":"2021-04-23T16:50:29","guid":{"rendered":"http:\/\/globalnewsmexico.com\/sitio\/?p=64957"},"modified":"2021-04-23T11:50:47","modified_gmt":"2021-04-23T16:50:47","slug":"amlo-condena-caso-de-diputado-de-morena-acusado-de-presunto-abuso-a-menor","status":"publish","type":"post","link":"https:\/\/globalnewsmexico.com\/sitio\/amlo-condena-caso-de-diputado-de-morena-acusado-de-presunto-abuso-a-menor\/","title":{"rendered":"AMLO condena caso de diputado de Morena acusado de presunto abuso a menor"},"content":{"rendered":"\n<p>El presidente Andr\u00e9s Manuel L\u00f3pez Obrador conden\u00f3 el caso\u00a0del diputado federal por Morena, Benjam\u00edn Sa\u00fal Huerta Corona,\u00a0quien fue detenido el mi\u00e9rcoles por polic\u00edas de la Secretar\u00eda de Seguridad Ciudadana (SSC) de la Ciudad de M\u00e9xico,\u00a0luego de que\u00a0un menor lo se\u00f1al\u00f3 por presunto intento de abuso sexual.<\/p>\n\n\n\n<p>\u201cComo Presidente de la Rep\u00fablica condeno\u00a0cualquier abuso sexual, en contra de la dignidad de las personas, cr\u00edmenes de odio, feminicidios, de quien sea. Siempre he dicho que junto a la corrupci\u00f3n se dej\u00f3 caminar a la impunidad y desde que tom\u00e9 posesi\u00f3n dije que no la iba a haber, ni para mi familia; el que comete un delito tiene que ser castigado\u201d, dijo.<\/p>\n\n\n\n<p>En su\u00a0conferencia ma\u00f1anera, el mandatario asegur\u00f3 que este tipo de abusos no van a ser encubiertos y\u00a0espera que se sancione los responsables de cualquier delito. Incluso, refrend\u00f3 su propuesta de la eliminaci\u00f3n del fuero a servidores p\u00fablicos para lograr justicia.<\/p>\n\n\n\n<p>\u201c\u00bfRenunciar al fuero? S\u00ed, a todo lo que corresponda, y eso tiene que ver con el partido y el poder judicial. Los afectados tienen que presentar denuncias (\u2026) ya es otra cosa,\u00a0no somos iguales, entonces que se act\u00fae\u201d, destac\u00f3.<\/p>\n\n\n\n<p>L\u00f3pez Obrador coment\u00f3 que este tipo de casos demuestran la importancia de la democracia, pues\u00a0es el pueblo el que elige libremente a sus gobernantes\u00a0y estos, a su vez, deben obedecer y no fallar, o los pueden retirar de sus cargos.<\/p>\n\n\n\n<p>\u201cSe presentan estos casos de nuestros adversarios y a ver qu\u00e9 pueden sacar de raja, si\u00a0nosotros lo que queremos es que se castigue a quien comete un delito\u00a0y no establecemos relaciones de complicidad con nadie\u201d, indic\u00f3.<\/p>\n\n\n\n<p>El mandatario hizo un llamado a los partidos de oposici\u00f3n para que\u00a0\u201cse tranquilicen, que se serenen, todo se resuelve\u201d, y les pidi\u00f3 tener confianza a los ciudadanos.<\/p>\n\n\n\n<p>De acuerdo con el reporte policial, el legislador por el estado de Puebla, habr\u00eda realizado\u00a0tocamientos e intentado abusar sexualmente de un menor de 15 a\u00f1os de edad. Sin embargo, la defensa de Huerta Corona present\u00f3 diversos documentos tratando de\u00a0acreditar que su representado cuenta con fuero constitucional.<\/p>\n\n\n\n<p>El legislador renunci\u00f3 ayer a su candidatura para reelegirse como diputado federal de Morena, aunque su grupo parlamentario\u00a0rechaz\u00f3 solicitar el desafuero en contra de su compa\u00f1ero.<\/p>\n\n\n\n<p>Fuente: Milenio<\/p>\n\n\n\n<p><\/p>\n","protected":false},"excerpt":{"rendered":"<p>El presidente Andr\u00e9s Manuel L\u00f3pez Obrador conden\u00f3 el caso\u00a0del diputado federal por Morena, Benjam\u00edn Sa\u00fal Huerta Corona,\u00a0quien fue detenido el mi\u00e9rcoles por polic\u00edas de la Secretar\u00eda de Seguridad Ciudadana (SSC) de la Ciudad de M\u00e9xico,\u00a0luego de que\u00a0un menor lo se\u00f1al\u00f3 por presunto intento de abuso sexual. \u201cComo Presidente de la Rep\u00fablica condeno\u00a0cualquier abuso sexual, en<a class=\"read-more\" href=\"https:\/\/globalnewsmexico.com\/sitio\/amlo-condena-caso-de-diputado-de-morena-acusado-de-presunto-abuso-a-menor\/\">Leer m\u00e1s<\/a><\/p>\n","protected":false},"author":5,"featured_media":64958,"comment_status":"closed","ping_status":"open","sticky":false,"template":"","format":"standard","meta":{"spay_email":"","footnotes":""},"categories":[37,8,40,52],"tags":[],"jetpack_featured_media_url":"https:\/\/i0.wp.com\/globalnewsmexico.com\/sitio\/wp-content\/uploads\/2021\/04\/presidente-hablo-caso-benjamin-saul_0_0_1200_747.jpg?fit=958%2C596&ssl=1","jetpack_sharing_enabled":true,"jetpack_shortlink":"https:\/\/wp.me\/p9yqPL-gTH","jetpack_likes_enabled":true,"_links":{"self":[{"href":"https:\/\/globalnewsmexico.com\/sitio\/wp-json\/wp\/v2\/posts\/64957"}],"collection":[{"href":"https:\/\/globalnewsmexico.com\/sitio\/wp-json\/wp\/v2\/posts"}],"about":[{"href":"https:\/\/globalnewsmexico.com\/sitio\/wp-json\/wp\/v2\/types\/post"}],"author":[{"embeddable":true,"href":"https:\/\/globalnewsmexico.com\/sitio\/wp-json\/wp\/v2\/users\/5"}],"replies":[{"embeddable":true,"href":"https:\/\/globalnewsmexico.com\/sitio\/wp-json\/wp\/v2\/comments?post=64957"}],"version-history":[{"count":0,"href":"https:\/\/globalnewsmexico.com\/sitio\/wp-json\/wp\/v2\/posts\/64957\/revisions"}],"wp:featuredmedia":[{"embeddable":true,"href":"https:\/\/globalnewsmexico.com\/sitio\/wp-json\/wp\/v2\/media\/64958"}],"wp:attachment":[{"href":"https:\/\/globalnewsmexico.com\/sitio\/wp-json\/wp\/v2\/media?parent=64957"}],"wp:term":[{"taxonomy":"category","embeddable":true,"href":"https:\/\/globalnewsmexico.com\/sitio\/wp-json\/wp\/v2\/categories?post=64957"},{"taxonomy":"post_tag","embeddable":true,"href":"https:\/\/globalnewsmexico.com\/sitio\/wp-json\/wp\/v2\/tags?post=64957"}],"curies":[{"name":"wp","href":"https:\/\/api.w.org\/{rel}","templated":true}]}}