{"id":65048,"date":"2021-04-26T12:00:50","date_gmt":"2021-04-26T17:00:50","guid":{"rendered":"http:\/\/globalnewsmexico.com\/sitio\/?p=65048"},"modified":"2021-04-26T12:00:54","modified_gmt":"2021-04-26T17:00:54","slug":"adultos-mayores-terminaran-de-ser-vacunados-contra-covid-esta-semana-amlo","status":"publish","type":"post","link":"https:\/\/globalnewsmexico.com\/sitio\/adultos-mayores-terminaran-de-ser-vacunados-contra-covid-esta-semana-amlo\/","title":{"rendered":"Adultos mayores terminar\u00e1n de ser vacunados contra covid esta semana: AMLO"},"content":{"rendered":"\n<p>El presidente Andr\u00e9s Manuel L\u00f3pez Obrador dijo que esta semana se\u00a0terminar\u00e1 de vacunar contra el Covid-19 a\u00a0adultos mayores,\u00a0con al menos una dosis.<\/p>\n\n\n\n<p>\u00abEstamos haciendo esa labor para que adultos mayores sobre todo no dejen de vacunarse, pero s\u00ed estamos cumpliendo con el compromiso que en este mes quedan vacunados todos los adultos mayores de 60 a\u00f1os en adelante\u00bb, coment\u00f3 en\u00a0conferencia de prensa matutina.<\/p>\n\n\n\n<p>L\u00f3pez Obrador dijo que ma\u00f1ana, en el informe de la salud semanal, se dar\u00e1 a conocer&nbsp;cu\u00e1ntos municipios del pa\u00eds han sido atendidos contra covid; \u00abpara ma\u00f1ana vamos a estar casi al 100 en vacunaci\u00f3n para adultos mayores\u00bb, a\u00f1adi\u00f3.<\/p>\n\n\n\n<p>La cantidad de adultos mayores que ser\u00e1n inmunizados sigue siendo un motivo de ajuste ya que los datos del Inegi\u00a0no coinciden con la poblaci\u00f3n a inmunizar, adem\u00e1s de que la aceptaci\u00f3n al biol\u00f3gico contra covid-19 es del 70 por ciento, asegur\u00f3 Ruy L\u00f3pez Ridaura, director general del Centro Nacional de Programas Preventivos y Control de Enfermedades (Cenaprece).\u00a0<\/p>\n\n\n\n<p>El estimado inicial de 15 millones de la Poblaci\u00f3n Adulta Mayor, reiter\u00f3, \u201cpartido del datos del Inegi y hay que tomar en cuenta que en este sector, especialmente, de 60 a\u00f1os y m\u00e1s, hay mucho modificaci\u00f3n del censo original por defunciones\u201d.\u00a0<\/p>\n\n\n\n<p>Fuente: Milenio<\/p>\n\n\n\n<p><\/p>\n","protected":false},"excerpt":{"rendered":"<p>El presidente Andr\u00e9s Manuel L\u00f3pez Obrador dijo que esta semana se\u00a0terminar\u00e1 de vacunar contra el Covid-19 a\u00a0adultos mayores,\u00a0con al menos una dosis. \u00abEstamos haciendo esa labor para que adultos mayores sobre todo no dejen de vacunarse, pero s\u00ed estamos cumpliendo con el compromiso que en este mes quedan vacunados todos los adultos mayores de 60<a class=\"read-more\" href=\"https:\/\/globalnewsmexico.com\/sitio\/adultos-mayores-terminaran-de-ser-vacunados-contra-covid-esta-semana-amlo\/\">Leer m\u00e1s<\/a><\/p>\n","protected":false},"author":5,"featured_media":64581,"comment_status":"closed","ping_status":"open","sticky":false,"template":"","format":"standard","meta":{"spay_email":"","footnotes":""},"categories":[37,8,39,52],"tags":[],"jetpack_featured_media_url":"https:\/\/i1.wp.com\/globalnewsmexico.com\/sitio\/wp-content\/uploads\/2021\/04\/personal-encargado-inmunizacion-aplica-vacuna_0_0_1200_747.jpg?fit=958%2C596&ssl=1","jetpack_sharing_enabled":true,"jetpack_shortlink":"https:\/\/wp.me\/p9yqPL-gVa","jetpack_likes_enabled":true,"_links":{"self":[{"href":"https:\/\/globalnewsmexico.com\/sitio\/wp-json\/wp\/v2\/posts\/65048"}],"collection":[{"href":"https:\/\/globalnewsmexico.com\/sitio\/wp-json\/wp\/v2\/posts"}],"about":[{"href":"https:\/\/globalnewsmexico.com\/sitio\/wp-json\/wp\/v2\/types\/post"}],"author":[{"embeddable":true,"href":"https:\/\/globalnewsmexico.com\/sitio\/wp-json\/wp\/v2\/users\/5"}],"replies":[{"embeddable":true,"href":"https:\/\/globalnewsmexico.com\/sitio\/wp-json\/wp\/v2\/comments?post=65048"}],"version-history":[{"count":0,"href":"https:\/\/globalnewsmexico.com\/sitio\/wp-json\/wp\/v2\/posts\/65048\/revisions"}],"wp:featuredmedia":[{"embeddable":true,"href":"https:\/\/globalnewsmexico.com\/sitio\/wp-json\/wp\/v2\/media\/64581"}],"wp:attachment":[{"href":"https:\/\/globalnewsmexico.com\/sitio\/wp-json\/wp\/v2\/media?parent=65048"}],"wp:term":[{"taxonomy":"category","embeddable":true,"href":"https:\/\/globalnewsmexico.com\/sitio\/wp-json\/wp\/v2\/categories?post=65048"},{"taxonomy":"post_tag","embeddable":true,"href":"https:\/\/globalnewsmexico.com\/sitio\/wp-json\/wp\/v2\/tags?post=65048"}],"curies":[{"name":"wp","href":"https:\/\/api.w.org\/{rel}","templated":true}]}}