{"id":65062,"date":"2021-04-26T14:24:07","date_gmt":"2021-04-26T19:24:07","guid":{"rendered":"http:\/\/globalnewsmexico.com\/sitio\/?p=65062"},"modified":"2021-04-26T14:24:12","modified_gmt":"2021-04-26T19:24:12","slug":"accionistas-de-interjet-aprueban-entrar-a-concurso-mercantil","status":"publish","type":"post","link":"https:\/\/globalnewsmexico.com\/sitio\/accionistas-de-interjet-aprueban-entrar-a-concurso-mercantil\/","title":{"rendered":"Accionistas de Interjet aprueban entrar a concurso mercantil"},"content":{"rendered":"\n<p>La\u00a0aerol\u00ednea Interjet\u00a0inform\u00f3 que todos sus\u00a0accionistas aprobaron que se entre e inicie con el concurso mercantil, con la finalidad de que se retomen operaciones.<\/p>\n\n\n\n<p>\u00abCon estas acciones Interjet dar\u00e1\u00a0certeza de un proceso de reestructura ordenado\u00a0que permitir\u00e1 la atracci\u00f3n de nuevos inversionistas\u00bb, a\u00f1adi\u00f3 la compa\u00f1\u00eda en un comunicado.<\/p>\n\n\n\n<p>La compa\u00f1\u00eda indic\u00f3 que\u00a0el objetivo de este acuerdo es el de volver a la operaci\u00f3n de la empresa\u00a0lo antes posible privilegiando los derechos de los trabajadores.<\/p>\n\n\n\n<p>\u200bInterjet ha se\u00f1alado que su\u00a0deuda total asciende a mil 200 millones de d\u00f3lares, la cual se ha buscado reestructurar para hacer viable el volver a operar.<\/p>\n\n\n\n<p>Se indic\u00f3 que tan solo con el fabricante Sukhoi se tienen pasivos por 380 millones de d\u00f3lares.<\/p>\n\n\n\n<p>Fuente: Milenio<\/p>\n\n\n\n<p><\/p>\n","protected":false},"excerpt":{"rendered":"<p>La\u00a0aerol\u00ednea Interjet\u00a0inform\u00f3 que todos sus\u00a0accionistas aprobaron que se entre e inicie con el concurso mercantil, con la finalidad de que se retomen operaciones. \u00abCon estas acciones Interjet dar\u00e1\u00a0certeza de un proceso de reestructura ordenado\u00a0que permitir\u00e1 la atracci\u00f3n de nuevos inversionistas\u00bb, a\u00f1adi\u00f3 la compa\u00f1\u00eda en un comunicado. La compa\u00f1\u00eda indic\u00f3 que\u00a0el objetivo de este acuerdo es<a class=\"read-more\" href=\"https:\/\/globalnewsmexico.com\/sitio\/accionistas-de-interjet-aprueban-entrar-a-concurso-mercantil\/\">Leer m\u00e1s<\/a><\/p>\n","protected":false},"author":5,"featured_media":65063,"comment_status":"closed","ping_status":"open","sticky":false,"template":"","format":"standard","meta":{"spay_email":"","footnotes":""},"categories":[37,8,49,52],"tags":[],"jetpack_featured_media_url":"https:\/\/i1.wp.com\/globalnewsmexico.com\/sitio\/wp-content\/uploads\/2021\/04\/deuda-interjet-asciende-mil-mdd.jpg?fit=958%2C596&ssl=1","jetpack_sharing_enabled":true,"jetpack_shortlink":"https:\/\/wp.me\/p9yqPL-gVo","jetpack_likes_enabled":true,"_links":{"self":[{"href":"https:\/\/globalnewsmexico.com\/sitio\/wp-json\/wp\/v2\/posts\/65062"}],"collection":[{"href":"https:\/\/globalnewsmexico.com\/sitio\/wp-json\/wp\/v2\/posts"}],"about":[{"href":"https:\/\/globalnewsmexico.com\/sitio\/wp-json\/wp\/v2\/types\/post"}],"author":[{"embeddable":true,"href":"https:\/\/globalnewsmexico.com\/sitio\/wp-json\/wp\/v2\/users\/5"}],"replies":[{"embeddable":true,"href":"https:\/\/globalnewsmexico.com\/sitio\/wp-json\/wp\/v2\/comments?post=65062"}],"version-history":[{"count":0,"href":"https:\/\/globalnewsmexico.com\/sitio\/wp-json\/wp\/v2\/posts\/65062\/revisions"}],"wp:featuredmedia":[{"embeddable":true,"href":"https:\/\/globalnewsmexico.com\/sitio\/wp-json\/wp\/v2\/media\/65063"}],"wp:attachment":[{"href":"https:\/\/globalnewsmexico.com\/sitio\/wp-json\/wp\/v2\/media?parent=65062"}],"wp:term":[{"taxonomy":"category","embeddable":true,"href":"https:\/\/globalnewsmexico.com\/sitio\/wp-json\/wp\/v2\/categories?post=65062"},{"taxonomy":"post_tag","embeddable":true,"href":"https:\/\/globalnewsmexico.com\/sitio\/wp-json\/wp\/v2\/tags?post=65062"}],"curies":[{"name":"wp","href":"https:\/\/api.w.org\/{rel}","templated":true}]}}