{"id":65096,"date":"2021-04-27T12:34:41","date_gmt":"2021-04-27T17:34:41","guid":{"rendered":"http:\/\/globalnewsmexico.com\/sitio\/?p=65096"},"modified":"2021-04-27T12:34:46","modified_gmt":"2021-04-27T17:34:46","slug":"escuelas-particulares-de-veracruz-pueden-regresar-a-las-aulas","status":"publish","type":"post","link":"https:\/\/globalnewsmexico.com\/sitio\/escuelas-particulares-de-veracruz-pueden-regresar-a-las-aulas\/","title":{"rendered":"Escuelas particulares de Veracruz pueden regresar a las aulas"},"content":{"rendered":"\n<p>Maestros de escuelas particulares en Veracruz que ya fueron vacunados contra el Covid-19, podr\u00edan regresar a clases presenciales en 15 d\u00edas, consider\u00f3 el presidente Andr\u00e9s Manuel L\u00f3pez Obrador.<\/p>\n\n\n\n<p>En su conferencia de prensa ma\u00f1anera, el presidente consider\u00f3 que el estado de Veracruz puede aplicar el mismo protocolo que Campeche, para el regreso a las aulas.<\/p>\n\n\n\n<p>Dijo que, \u00ablas escuelas particulares van a poder regresar (a las aulas), si terminamos el 11 de mayo en todo el pa\u00eds, esto incluye a todas las escuelas particulares\u00bb.<\/p>\n\n\n\n<p>Entonces, \u00ablas escuelas particulares de\u00a0Veracruz, donde ya los maestros, maestras y personal educativo ya fue vacunados,\u00a0en 15 d\u00edas podr\u00edan regresar a clases , como empezaron en Campeche, pero en estas condiciones en este protocolo\u00bb.<\/p>\n\n\n\n<p>Fuente: Xeu Noticias<\/p>\n\n\n\n<p><\/p>\n","protected":false},"excerpt":{"rendered":"<p>Maestros de escuelas particulares en Veracruz que ya fueron vacunados contra el Covid-19, podr\u00edan regresar a clases presenciales en 15 d\u00edas, consider\u00f3 el presidente Andr\u00e9s Manuel L\u00f3pez Obrador. En su conferencia de prensa ma\u00f1anera, el presidente consider\u00f3 que el estado de Veracruz puede aplicar el mismo protocolo que Campeche, para el regreso a las aulas.<a class=\"read-more\" href=\"https:\/\/globalnewsmexico.com\/sitio\/escuelas-particulares-de-veracruz-pueden-regresar-a-las-aulas\/\">Leer m\u00e1s<\/a><\/p>\n","protected":false},"author":5,"featured_media":65097,"comment_status":"closed","ping_status":"open","sticky":false,"template":"","format":"standard","meta":{"spay_email":"","footnotes":""},"categories":[37,8,50,52],"tags":[],"jetpack_featured_media_url":"https:\/\/i1.wp.com\/globalnewsmexico.com\/sitio\/wp-content\/uploads\/2021\/04\/1155296.jpg?fit=1024%2C683&ssl=1","jetpack_sharing_enabled":true,"jetpack_shortlink":"https:\/\/wp.me\/p9yqPL-gVW","jetpack_likes_enabled":true,"_links":{"self":[{"href":"https:\/\/globalnewsmexico.com\/sitio\/wp-json\/wp\/v2\/posts\/65096"}],"collection":[{"href":"https:\/\/globalnewsmexico.com\/sitio\/wp-json\/wp\/v2\/posts"}],"about":[{"href":"https:\/\/globalnewsmexico.com\/sitio\/wp-json\/wp\/v2\/types\/post"}],"author":[{"embeddable":true,"href":"https:\/\/globalnewsmexico.com\/sitio\/wp-json\/wp\/v2\/users\/5"}],"replies":[{"embeddable":true,"href":"https:\/\/globalnewsmexico.com\/sitio\/wp-json\/wp\/v2\/comments?post=65096"}],"version-history":[{"count":0,"href":"https:\/\/globalnewsmexico.com\/sitio\/wp-json\/wp\/v2\/posts\/65096\/revisions"}],"wp:featuredmedia":[{"embeddable":true,"href":"https:\/\/globalnewsmexico.com\/sitio\/wp-json\/wp\/v2\/media\/65097"}],"wp:attachment":[{"href":"https:\/\/globalnewsmexico.com\/sitio\/wp-json\/wp\/v2\/media?parent=65096"}],"wp:term":[{"taxonomy":"category","embeddable":true,"href":"https:\/\/globalnewsmexico.com\/sitio\/wp-json\/wp\/v2\/categories?post=65096"},{"taxonomy":"post_tag","embeddable":true,"href":"https:\/\/globalnewsmexico.com\/sitio\/wp-json\/wp\/v2\/tags?post=65096"}],"curies":[{"name":"wp","href":"https:\/\/api.w.org\/{rel}","templated":true}]}}