{"id":65100,"date":"2021-04-27T13:20:25","date_gmt":"2021-04-27T18:20:25","guid":{"rendered":"http:\/\/globalnewsmexico.com\/sitio\/?p=65100"},"modified":"2021-04-27T13:20:30","modified_gmt":"2021-04-27T18:20:30","slug":"asesinan-a-2-periodistas-espanoles-en-burkina-faso","status":"publish","type":"post","link":"https:\/\/globalnewsmexico.com\/sitio\/asesinan-a-2-periodistas-espanoles-en-burkina-faso\/","title":{"rendered":"Asesinan a 2 periodistas espa\u00f1oles en Burkina Faso"},"content":{"rendered":"\n<p>Dos reporteros espa\u00f1oles fueron asesinados en Burkina Faso, luego de que el convoy en el que viajaban sufri\u00f3 un ataque por parte de un grupo armado.<\/p>\n\n\n\n<p>De acuerdo con las autoridades, se trata de David Beriain y Roberto Fraile.<\/p>\n\n\n\n<p>Cabe se\u00f1alar que los dos periodistas grababan un documental sobre la protecci\u00f3n de los parques naturales de los cazadores furtivos y el tr\u00e1fico de especies.<\/p>\n\n\n\n<p>Fuente: Agencias<\/p>\n\n\n\n<p><\/p>\n","protected":false},"excerpt":{"rendered":"<p>Dos reporteros espa\u00f1oles fueron asesinados en Burkina Faso, luego de que el convoy en el que viajaban sufri\u00f3 un ataque por parte de un grupo armado. De acuerdo con las autoridades, se trata de David Beriain y Roberto Fraile. Cabe se\u00f1alar que los dos periodistas grababan un documental sobre la protecci\u00f3n de los parques naturales<a class=\"read-more\" href=\"https:\/\/globalnewsmexico.com\/sitio\/asesinan-a-2-periodistas-espanoles-en-burkina-faso\/\">Leer m\u00e1s<\/a><\/p>\n","protected":false},"author":5,"featured_media":65103,"comment_status":"closed","ping_status":"open","sticky":false,"template":"","format":"standard","meta":{"spay_email":"","footnotes":""},"categories":[37,8,48,52],"tags":[],"jetpack_featured_media_url":"https:\/\/i0.wp.com\/globalnewsmexico.com\/sitio\/wp-content\/uploads\/2021\/04\/1155341.jpg?fit=1024%2C649&ssl=1","jetpack_sharing_enabled":true,"jetpack_shortlink":"https:\/\/wp.me\/p9yqPL-gW0","jetpack_likes_enabled":true,"_links":{"self":[{"href":"https:\/\/globalnewsmexico.com\/sitio\/wp-json\/wp\/v2\/posts\/65100"}],"collection":[{"href":"https:\/\/globalnewsmexico.com\/sitio\/wp-json\/wp\/v2\/posts"}],"about":[{"href":"https:\/\/globalnewsmexico.com\/sitio\/wp-json\/wp\/v2\/types\/post"}],"author":[{"embeddable":true,"href":"https:\/\/globalnewsmexico.com\/sitio\/wp-json\/wp\/v2\/users\/5"}],"replies":[{"embeddable":true,"href":"https:\/\/globalnewsmexico.com\/sitio\/wp-json\/wp\/v2\/comments?post=65100"}],"version-history":[{"count":0,"href":"https:\/\/globalnewsmexico.com\/sitio\/wp-json\/wp\/v2\/posts\/65100\/revisions"}],"wp:featuredmedia":[{"embeddable":true,"href":"https:\/\/globalnewsmexico.com\/sitio\/wp-json\/wp\/v2\/media\/65103"}],"wp:attachment":[{"href":"https:\/\/globalnewsmexico.com\/sitio\/wp-json\/wp\/v2\/media?parent=65100"}],"wp:term":[{"taxonomy":"category","embeddable":true,"href":"https:\/\/globalnewsmexico.com\/sitio\/wp-json\/wp\/v2\/categories?post=65100"},{"taxonomy":"post_tag","embeddable":true,"href":"https:\/\/globalnewsmexico.com\/sitio\/wp-json\/wp\/v2\/tags?post=65100"}],"curies":[{"name":"wp","href":"https:\/\/api.w.org\/{rel}","templated":true}]}}