{"id":65109,"date":"2021-04-27T14:45:20","date_gmt":"2021-04-27T19:45:20","guid":{"rendered":"http:\/\/globalnewsmexico.com\/sitio\/?p=65109"},"modified":"2021-04-27T14:45:38","modified_gmt":"2021-04-27T19:45:38","slug":"en-llamada-telefonica-amlo-agradece-al-presidente-de-cuba-ayuda-ante-pandemia","status":"publish","type":"post","link":"https:\/\/globalnewsmexico.com\/sitio\/en-llamada-telefonica-amlo-agradece-al-presidente-de-cuba-ayuda-ante-pandemia\/","title":{"rendered":"En llamada telef\u00f3nica, AMLO agradece al presidente de Cuba ayuda ante pandemia"},"content":{"rendered":"\n<p>El presidente\u00a0Andr\u00e9s Manuel L\u00f3pez Obrador\u00a0convers\u00f3 v\u00eda telef\u00f3nica con su hom\u00f3logo de Cuba,\u00a0Miguel D\u00edaz-Canel, a quien agradeci\u00f3 su apoyo con m\u00e9dicos y enfermeras para enfrentar la pandemia de Covid-19 en M\u00e9xico.<\/p>\n\n\n\n<p>En una publicaci\u00f3n en sus redes sociales, el mandatario asegur\u00f3 que M\u00e9xico y Cuba son pueblos hermanados por la historia y la solidaridad.<\/p>\n\n\n\n<p>\u00abConversamos con el presidente de Cuba, Miguel D\u00edaz-Canel; le agradecimos por el apoyo que hemos recibido de enfermeras y m\u00e9dicos de ese pa\u00eds para enfrentar la pandemia.\u00a0M\u00e9xico y Cuba son pueblos hermanados por la historia y la solidaridad\u00bb, escribi\u00f3.<\/p>\n\n\n\n<p>En la conversaci\u00f3n estuvo acompa\u00f1ado por la subsecretaria de Asuntos Multilaterales y Derechos Humanos de la Secretar\u00eda de Relaciones Exteriores (SRE), Martha Delgado; el titular de la Comisi\u00f3n Federal para la Protecci\u00f3n contra Riesgos Sanitarios (Cofepris), Alejandro Svarch, y el coordinador de asesores de la Presidencia, L\u00e1zaro C\u00e1rdenas Batel.\u00a0<\/p>\n\n\n\n<p>Fuente: Milenio<\/p>\n","protected":false},"excerpt":{"rendered":"<p>El presidente\u00a0Andr\u00e9s Manuel L\u00f3pez Obrador\u00a0convers\u00f3 v\u00eda telef\u00f3nica con su hom\u00f3logo de Cuba,\u00a0Miguel D\u00edaz-Canel, a quien agradeci\u00f3 su apoyo con m\u00e9dicos y enfermeras para enfrentar la pandemia de Covid-19 en M\u00e9xico. En una publicaci\u00f3n en sus redes sociales, el mandatario asegur\u00f3 que M\u00e9xico y Cuba son pueblos hermanados por la historia y la solidaridad. \u00abConversamos con<a class=\"read-more\" href=\"https:\/\/globalnewsmexico.com\/sitio\/en-llamada-telefonica-amlo-agradece-al-presidente-de-cuba-ayuda-ante-pandemia\/\">Leer m\u00e1s<\/a><\/p>\n","protected":false},"author":5,"featured_media":65110,"comment_status":"closed","ping_status":"open","sticky":false,"template":"","format":"standard","meta":{"spay_email":"","footnotes":""},"categories":[37,8,40,52],"tags":[],"jetpack_featured_media_url":"https:\/\/i0.wp.com\/globalnewsmexico.com\/sitio\/wp-content\/uploads\/2021\/04\/presidente-andres-manuel-lopez-obrador-562_0_27_1200_746.jpeg?fit=958%2C596&ssl=1","jetpack_sharing_enabled":true,"jetpack_shortlink":"https:\/\/wp.me\/p9yqPL-gW9","jetpack_likes_enabled":true,"_links":{"self":[{"href":"https:\/\/globalnewsmexico.com\/sitio\/wp-json\/wp\/v2\/posts\/65109"}],"collection":[{"href":"https:\/\/globalnewsmexico.com\/sitio\/wp-json\/wp\/v2\/posts"}],"about":[{"href":"https:\/\/globalnewsmexico.com\/sitio\/wp-json\/wp\/v2\/types\/post"}],"author":[{"embeddable":true,"href":"https:\/\/globalnewsmexico.com\/sitio\/wp-json\/wp\/v2\/users\/5"}],"replies":[{"embeddable":true,"href":"https:\/\/globalnewsmexico.com\/sitio\/wp-json\/wp\/v2\/comments?post=65109"}],"version-history":[{"count":0,"href":"https:\/\/globalnewsmexico.com\/sitio\/wp-json\/wp\/v2\/posts\/65109\/revisions"}],"wp:featuredmedia":[{"embeddable":true,"href":"https:\/\/globalnewsmexico.com\/sitio\/wp-json\/wp\/v2\/media\/65110"}],"wp:attachment":[{"href":"https:\/\/globalnewsmexico.com\/sitio\/wp-json\/wp\/v2\/media?parent=65109"}],"wp:term":[{"taxonomy":"category","embeddable":true,"href":"https:\/\/globalnewsmexico.com\/sitio\/wp-json\/wp\/v2\/categories?post=65109"},{"taxonomy":"post_tag","embeddable":true,"href":"https:\/\/globalnewsmexico.com\/sitio\/wp-json\/wp\/v2\/tags?post=65109"}],"curies":[{"name":"wp","href":"https:\/\/api.w.org\/{rel}","templated":true}]}}