{"id":65157,"date":"2021-04-28T13:43:49","date_gmt":"2021-04-28T18:43:49","guid":{"rendered":"http:\/\/globalnewsmexico.com\/sitio\/?p=65157"},"modified":"2021-04-28T13:44:01","modified_gmt":"2021-04-28T18:44:01","slug":"voy-a-ser-gobernador-de-guerrero-dice-felix-salgado-tras-decision-del-tepjf-alista-denuncia","status":"publish","type":"post","link":"https:\/\/globalnewsmexico.com\/sitio\/voy-a-ser-gobernador-de-guerrero-dice-felix-salgado-tras-decision-del-tepjf-alista-denuncia\/","title":{"rendered":"\u00abVoy a ser gobernador de Guerrero\u00bb, dice F\u00e9lix Salgado tras decisi\u00f3n del TEPJF; alista denuncia"},"content":{"rendered":"\n<p>F\u00e9lix Salgado Macedonio\u00a0dijo que ser\u00e1 gobernador de\u00a0Guerrero, aunque afirm\u00f3 que\u00a0se tiene que cumplir con la decisi\u00f3n\u00a0del Tribunal Electoral del Poder Judicial de la Federaci\u00f3n (TEPJF)\u00a0sobre su candidatura, durante un mitin en Chilpancingo; \u00abse\u00a0los advierto, voy a ser gobernador de Guerrero\u00bb.\u00a0<\/p>\n\n\n\n<p>\u00abLa decisi\u00f3n del tribunal es inapelable, es el \u00f3rgano m\u00e1ximo y no hay derecho a amparo y eso es lo que se tiene que legislar en materia electoral y que nos deja la ley en la indefensi\u00f3n, ya no hay otro \u00f3rgano, es el m\u00e1ximo, es el supremo y ya dijeron,\u00a0ya determinaron, ya no hay derecho a amparo, ahora hay que cumplir lo que est\u00e1 diciendo, tenemos 48 para sustituir al candidato, no hay m\u00e1s, hay que hacerlo\u00bb, dijo.<\/p>\n\n\n\n<p>Adem\u00e1s, anunci\u00f3 que interpondr\u00e1 una\u00a0denuncia por internet ante la Comisi\u00f3n Interamericana de Derechos Humanos (CIDH)\u00a0y acompa\u00f1ar\u00e1 al candidato que designe Morena por su recorrido en el estado, \u00abno nos vamos de Morena, vamos a ganar, a respaldar a todos los alcaldes, diputados y gobernadora o gobernador; vamos a apoyarlos y vamos a recorrer todo el estado y vamos a ganar\u00bb.\u00a0<\/p>\n\n\n\n<p>\u00abVamos a ir a la Corte Interamericana a poner nuestra denuncia por violaci\u00f3n artera a mi derecho humano pol\u00edtico y electoral\u00bb, mencion\u00f3.\u00a0<\/p>\n\n\n\n<p>Asever\u00f3 que los partidos de oposici\u00f3n est\u00e1n celebrando, \u00abanoche se emborracharon de felicidad, pero el 6 de junio les va a entrar la cruda porque les vamos a ganar\u00bb.\u00a0Acus\u00f3 que ls magistrados tomaron la decisi\u00f3n de \u00abmanera ama\u00f1ada para cumplirle sus compromisos a los viejos caciques, corruptos\u00bb.<\/p>\n\n\n\n<p>Ayer se ratific\u00f3 ante el Tribunal Electora que F\u00e9lix Salgado Macedonio y Ra\u00fal Mor\u00f3n, ex candidato a a la gubernatura de Michoac\u00e1n, actuaron de manera dolosa al tomar una actitud de resistencia para informar sus gastos de precampa\u00f1a e intentaron enga\u00f1ar a la autoridad con mentiras y contradicciones.\u00a0<\/p>\n\n\n\n<p>Luego de la resoluci\u00f3n de los magistrados,\u00a0F\u00e9lix Salgado Macedonio asegur\u00f3 que la \u00faltima palabra la dice el pueblo\u00a0y convoc\u00f3 a una movilizaci\u00f3n en\u00a0Chilpancingo hoy.\u00a0<\/p>\n\n\n\n<p>\u00abLa \u00faltima palabra la dice el pueblo. Con el pueblo todo y sin el pueblo nada\u00bb, sentenci\u00f3 en su cuenta de Facebook e inform\u00f3 que estar\u00e1 en la Alameda Granados Maldonado de Chilpancingo a las 12:00 horas.\u00a0<\/p>\n\n\n\n<p>Agreg\u00f3 que \u00abnuestro movimiento es pac\u00edfico en pie de lucha por la democracia, con la cabeza fr\u00eda y el coraz\u00f3n caliente\u00bb.\u00a0<\/p>\n\n\n\n<p>Fuente: Milenio<\/p>\n\n\n\n<p><\/p>\n","protected":false},"excerpt":{"rendered":"<p>F\u00e9lix Salgado Macedonio\u00a0dijo que ser\u00e1 gobernador de\u00a0Guerrero, aunque afirm\u00f3 que\u00a0se tiene que cumplir con la decisi\u00f3n\u00a0del Tribunal Electoral del Poder Judicial de la Federaci\u00f3n (TEPJF)\u00a0sobre su candidatura, durante un mitin en Chilpancingo; \u00abse\u00a0los advierto, voy a ser gobernador de Guerrero\u00bb.\u00a0 \u00abLa decisi\u00f3n del tribunal es inapelable, es el \u00f3rgano m\u00e1ximo y no hay derecho a<a class=\"read-more\" href=\"https:\/\/globalnewsmexico.com\/sitio\/voy-a-ser-gobernador-de-guerrero-dice-felix-salgado-tras-decision-del-tepjf-alista-denuncia\/\">Leer m\u00e1s<\/a><\/p>\n","protected":false},"author":5,"featured_media":65159,"comment_status":"closed","ping_status":"open","sticky":false,"template":"","format":"standard","meta":{"spay_email":"","footnotes":""},"categories":[37,8,49,52],"tags":[],"jetpack_featured_media_url":"https:\/\/i2.wp.com\/globalnewsmexico.com\/sitio\/wp-content\/uploads\/2021\/04\/felix-salgado-mitin-guerrero-omar_0_27_1200_746.jpeg?fit=958%2C596&ssl=1","jetpack_sharing_enabled":true,"jetpack_shortlink":"https:\/\/wp.me\/p9yqPL-gWV","jetpack_likes_enabled":true,"_links":{"self":[{"href":"https:\/\/globalnewsmexico.com\/sitio\/wp-json\/wp\/v2\/posts\/65157"}],"collection":[{"href":"https:\/\/globalnewsmexico.com\/sitio\/wp-json\/wp\/v2\/posts"}],"about":[{"href":"https:\/\/globalnewsmexico.com\/sitio\/wp-json\/wp\/v2\/types\/post"}],"author":[{"embeddable":true,"href":"https:\/\/globalnewsmexico.com\/sitio\/wp-json\/wp\/v2\/users\/5"}],"replies":[{"embeddable":true,"href":"https:\/\/globalnewsmexico.com\/sitio\/wp-json\/wp\/v2\/comments?post=65157"}],"version-history":[{"count":0,"href":"https:\/\/globalnewsmexico.com\/sitio\/wp-json\/wp\/v2\/posts\/65157\/revisions"}],"wp:featuredmedia":[{"embeddable":true,"href":"https:\/\/globalnewsmexico.com\/sitio\/wp-json\/wp\/v2\/media\/65159"}],"wp:attachment":[{"href":"https:\/\/globalnewsmexico.com\/sitio\/wp-json\/wp\/v2\/media?parent=65157"}],"wp:term":[{"taxonomy":"category","embeddable":true,"href":"https:\/\/globalnewsmexico.com\/sitio\/wp-json\/wp\/v2\/categories?post=65157"},{"taxonomy":"post_tag","embeddable":true,"href":"https:\/\/globalnewsmexico.com\/sitio\/wp-json\/wp\/v2\/tags?post=65157"}],"curies":[{"name":"wp","href":"https:\/\/api.w.org\/{rel}","templated":true}]}}