{"id":65162,"date":"2021-04-28T14:16:34","date_gmt":"2021-04-28T19:16:34","guid":{"rendered":"http:\/\/globalnewsmexico.com\/sitio\/?p=65162"},"modified":"2021-04-28T14:16:53","modified_gmt":"2021-04-28T19:16:53","slug":"morena-definira-hoy-candidaturas-en-guerrero-y-michoacan-tras-fallo-del-tepjf","status":"publish","type":"post","link":"https:\/\/globalnewsmexico.com\/sitio\/morena-definira-hoy-candidaturas-en-guerrero-y-michoacan-tras-fallo-del-tepjf\/","title":{"rendered":"Morena definir\u00e1 hoy candidaturas en Guerrero y Michoac\u00e1n, tras fallo del TEPJF"},"content":{"rendered":"\n<p>La Comisi\u00f3n Nacional de Elecciones de\u00a0Morena\u00a0se reunir\u00e1 esta tarde para\u00a0definir el futuro de las candidaturas de Guerrero y Michoac\u00e1n, tras la decisi\u00f3n del Tribunal Electoral del Poder Judicial de la Federaci\u00f3n (TEPJF) de dejar sin posibilidad de competir a\u00a0F\u00e9lix Salgado Macedonio y Ra\u00fal Mor\u00f3n.<\/p>\n\n\n\n<p>Mario Delgado, dirigente nacional de Morena, inform\u00f3 que esta tarde se reunir\u00e1 el \u00f3rgano nacional con los exaspirantes en ambos estados para trazar la ruta y la postulaci\u00f3n de qui\u00e9nes ser\u00e1n los abanderados para lo que resta de la contienda.<\/p>\n\n\n\n<p>\u00abHoy a las 17:00 horas nos reuniremos la Comisi\u00f3n Nacional de Elecciones con nuestros compa\u00f1eros despojados injustamente de sus derechos pol\u00edticos Ra\u00fal Mor\u00f3n y F\u00e9lix Salgado Macedonio para\u00a0definir qui\u00e9n encabezar\u00e1 la lucha por la transformaci\u00f3n en Michoac\u00e1n y Guerrero\u00bb, dijo.<\/p>\n\n\n\n<p>Morena tiene 48 horas para definir a su candidato en Guerrero, mientras que el plazo en Michoac\u00e1n es de cinco d\u00edas.\u00a0La\u00a0campa\u00f1a electoral cumple un mes sin que Morena tenga candidatos\u00a0en ambas entidades y solo realiza actos proselitistas en apoyo al partido.<\/p>\n\n\n\n<h3 class=\"wp-block-heading\">Retiro de registro a F\u00e9lix Salgado dio ventaja a Morena en Guerrero: dirigente estatal\u200b<\/h3>\n\n\n\n<p>Marcial Rodr\u00edguez, dirigente de Morena en Guerrero, confirm\u00f3 que hoy el Comit\u00e9 Nacional de Elecciones del partido definir\u00e1 al candidato o candidata a la gubernatura del estado.<\/p>\n\n\n\n<p>Asegur\u00f3 que a pesar de que no hay un candidato definido, el retiro del registro a F\u00e9lix Salgado Macedonio ayud\u00f3 a que Morena tenga preferencia en Guerrero, por lo que\u00a0conf\u00eda en que ganar\u00e1n la gubernatura en las elecciones del 6 de junio.<\/p>\n\n\n\n<p>\u00abIndirectamente, esto que han hecho los magistrados ha beneficiado mucho Morena, seg\u00fan una encuesta de Radio F\u00f3rmula,\u00a0Morena va 30 a uno ac\u00e1 en Guerrero a la gubernatura. La gente esta viendo que es una injusticia, ya Morena es una marca muy fuerte\u00bb, dijo en entrevista con\u00a0Milenio Televisi\u00f3n.<\/p>\n\n\n\n<p>Fuente: Milenio<\/p>\n\n\n\n<p><\/p>\n","protected":false},"excerpt":{"rendered":"<p>La Comisi\u00f3n Nacional de Elecciones de\u00a0Morena\u00a0se reunir\u00e1 esta tarde para\u00a0definir el futuro de las candidaturas de Guerrero y Michoac\u00e1n, tras la decisi\u00f3n del Tribunal Electoral del Poder Judicial de la Federaci\u00f3n (TEPJF) de dejar sin posibilidad de competir a\u00a0F\u00e9lix Salgado Macedonio y Ra\u00fal Mor\u00f3n. Mario Delgado, dirigente nacional de Morena, inform\u00f3 que esta tarde se<a class=\"read-more\" href=\"https:\/\/globalnewsmexico.com\/sitio\/morena-definira-hoy-candidaturas-en-guerrero-y-michoacan-tras-fallo-del-tepjf\/\">Leer m\u00e1s<\/a><\/p>\n","protected":false},"author":5,"featured_media":65163,"comment_status":"closed","ping_status":"open","sticky":false,"template":"","format":"standard","meta":{"spay_email":"","footnotes":""},"categories":[37,8,49,52],"tags":[],"jetpack_featured_media_url":"https:\/\/i1.wp.com\/globalnewsmexico.com\/sitio\/wp-content\/uploads\/2021\/04\/mario-delgado-felix-salgado-raul_0_18_1024_638-1.jpg?fit=958%2C596&ssl=1","jetpack_sharing_enabled":true,"jetpack_shortlink":"https:\/\/wp.me\/p9yqPL-gX0","jetpack_likes_enabled":true,"_links":{"self":[{"href":"https:\/\/globalnewsmexico.com\/sitio\/wp-json\/wp\/v2\/posts\/65162"}],"collection":[{"href":"https:\/\/globalnewsmexico.com\/sitio\/wp-json\/wp\/v2\/posts"}],"about":[{"href":"https:\/\/globalnewsmexico.com\/sitio\/wp-json\/wp\/v2\/types\/post"}],"author":[{"embeddable":true,"href":"https:\/\/globalnewsmexico.com\/sitio\/wp-json\/wp\/v2\/users\/5"}],"replies":[{"embeddable":true,"href":"https:\/\/globalnewsmexico.com\/sitio\/wp-json\/wp\/v2\/comments?post=65162"}],"version-history":[{"count":0,"href":"https:\/\/globalnewsmexico.com\/sitio\/wp-json\/wp\/v2\/posts\/65162\/revisions"}],"wp:featuredmedia":[{"embeddable":true,"href":"https:\/\/globalnewsmexico.com\/sitio\/wp-json\/wp\/v2\/media\/65163"}],"wp:attachment":[{"href":"https:\/\/globalnewsmexico.com\/sitio\/wp-json\/wp\/v2\/media?parent=65162"}],"wp:term":[{"taxonomy":"category","embeddable":true,"href":"https:\/\/globalnewsmexico.com\/sitio\/wp-json\/wp\/v2\/categories?post=65162"},{"taxonomy":"post_tag","embeddable":true,"href":"https:\/\/globalnewsmexico.com\/sitio\/wp-json\/wp\/v2\/tags?post=65162"}],"curies":[{"name":"wp","href":"https:\/\/api.w.org\/{rel}","templated":true}]}}