{"id":65275,"date":"2021-04-30T20:11:16","date_gmt":"2021-05-01T01:11:16","guid":{"rendered":"http:\/\/globalnewsmexico.com\/sitio\/?p=65275"},"modified":"2021-04-30T20:12:16","modified_gmt":"2021-05-01T01:12:16","slug":"congreso-de-tamaulipas-rechaza-desafuero-de-garcia-cabeza-de-vaca","status":"publish","type":"post","link":"https:\/\/globalnewsmexico.com\/sitio\/congreso-de-tamaulipas-rechaza-desafuero-de-garcia-cabeza-de-vaca\/","title":{"rendered":"Congreso de Tamaulipas rechaza desafuero de Garc\u00eda Cabeza de Vaca"},"content":{"rendered":"\n<p>Con\u00a026 votos a favor, tres en contra y siete abstenciones, el\u00a0Congreso de Tamaulipas rechaz\u00f3 el desafuero del gobernador Francisco Garc\u00eda Cabeza de Vaca, tan solo unas horas despu\u00e9s de que la C\u00e1mara de Diputados resolvi\u00f3 la petici\u00f3n de la Fiscal\u00eda General de la Rep\u00fablica.<\/p>\n\n\n\n<p>Diputados del PAN, Morena y PRI subieron a tribuna para dar sus posicionamientos y as\u00ed, en una hora y 20 minutos,\u00a0discutir el tema, tan solo unos instantes despu\u00e9s de que la C\u00e1mara de Diputados hizo la votaci\u00f3n.<\/p>\n\n\n\n<p>La primera en hacerlo fue la diputada de Morena, Susana Flores, luego F\u00e9lix Garc\u00eda fue el primer diputado del PAN que fij\u00f3 su posicionamiento sobre el tema y fue acompa\u00f1ado por todos los integrantes de la bancada, quienes estuvieron a su lado mientras daba el discurso.<\/p>\n\n\n\n<p>Tambi\u00e9n Edna Rivera de Morena present\u00f3 sus argumentos para que el gobernador Francisco Garc\u00eda Cabeza de Vaca tuviera el desafuero.<\/p>\n\n\n\n<p>Luego Copitzi Garc\u00eda del\u00a0PRI dijo que su voto ser\u00eda en contra, pues no quer\u00edan ser parte de un juego perverso.<\/p>\n\n\n\n<p>\u201cNuestra postura es en contra del desafuero, es un voto que hemos reflexionado al interior el PRI, consultamos especialistas y revisamos el tema, analizamos sobre todo el contexto pol\u00edtico que vivimos en nuestro pa\u00eds\u201d.<\/p>\n\n\n\n<p>Finalmente Eliud Almaguer Aldape, del PAN e integrante de la Comisi\u00f3n Instructora, dijo que deben de apegarse a lo que manda la ley y la Constituci\u00f3n.<\/p>\n\n\n\n<p>\u201cEste asunto se resuelva en estricto apego a las facultades constitucionales y legales\u201d.<\/p>\n\n\n\n<h3 class=\"wp-block-heading\">As\u00ed fue la votaci\u00f3n<\/h3>\n\n\n\n<p>Finalmente, lleg\u00f3 el momento de la votaci\u00f3n y los\u00a036 diputados locales emitieron su voto\u00a0para el acuerdo de no procedencia del desafuero del gobernador Francisco Garc\u00eda Cabeza de Vaca:<\/p>\n\n\n\n<ul><li>26 a favor<\/li><li>3 en contra<\/li><li>7 abstenciones<\/li><\/ul>\n\n\n\n<p>Los legisladores de Morena que se abstuvieron\u00a0son: Ulises Mart\u00ednez Trejo, Eliud Osiel Almaguer Aldape, Reyna Deniss Ascencio Torres, V\u00edctor Manuel Flores Lemus, Esther Garc\u00eda Ancira, Guillermina Medina Reyes y Leticia S\u00e1nchez Guillermo.<\/p>\n\n\n\n<p>Los\u00a0legisladores de Morena que votaron en contra\u00a0son: Roque Hern\u00e1ndez Cardona, Susana Ju\u00e1rez Rivera y Edna Rivera L\u00f3pez.<\/p>\n\n\n\n<p>Los 26 legisladores restantes del\u00a0PAN y del PRI votaron a favor\u00a0de rechazar la homologaci\u00f3n y el desafuero del gobernador.<\/p>\n\n\n\n<h3 class=\"wp-block-heading\">\u00bfQu\u00e9 dice el punto de acuerdo aprobado?<\/h3>\n\n\n\n<p>El punto de acuerdo mediante el cual se declara que no procede la homologaci\u00f3n de la declaraci\u00f3n de procedencia emitida por la C\u00e1mara de Diputados del Congreso de la Uni\u00f3n contra Francisco Javier Garc\u00eda Cabeza de Vaca, dice lo siguiente:<\/p>\n\n\n\n<ul><li>Art\u00edculo primero. Se declara que\u00a0no procede la homologaci\u00f3n de la declaraci\u00f3n de procedencia emitida por la C\u00e1mara de Diputados\u00a0del Congreso de la Uni\u00f3n contra Francisco Javier Garc\u00eda Cabeza de Vaca, gobernador de Tamaulipas.<\/li><li>Art\u00edculo segundo.\u00a0Se determina que\u00a0no ha lugar a retirar la protecci\u00f3n o inmunidad procesal penal\u00a0que la propia Constituci\u00f3n Pol\u00edtica del Estado de Tamaulipas le otorga a Francisco Javier Garc\u00eda Cabeza de Vaca en su car\u00e1cter de gobernador.<\/li><li>Art\u00edculo tercero. Se reconoce a Francisco Javier Garc\u00eda Cabeza de Vaca su calidad de gobernador , de ah\u00ed que\u00a0debe seguir fungiendo en el encargo p\u00fablico para el que fue electo en el a\u00f1o 2016\u00a0por la voluntad de la mayor\u00eda de la ciudadan\u00eda de Tamaulipas.<\/li><\/ul>\n\n\n\n<p>Fuente: Milenio<\/p>\n","protected":false},"excerpt":{"rendered":"<p>Con\u00a026 votos a favor, tres en contra y siete abstenciones, el\u00a0Congreso de Tamaulipas rechaz\u00f3 el desafuero del gobernador Francisco Garc\u00eda Cabeza de Vaca, tan solo unas horas despu\u00e9s de que la C\u00e1mara de Diputados resolvi\u00f3 la petici\u00f3n de la Fiscal\u00eda General de la Rep\u00fablica. Diputados del PAN, Morena y PRI subieron a tribuna para dar<a class=\"read-more\" href=\"https:\/\/globalnewsmexico.com\/sitio\/congreso-de-tamaulipas-rechaza-desafuero-de-garcia-cabeza-de-vaca\/\">Leer m\u00e1s<\/a><\/p>\n","protected":false},"author":5,"featured_media":65283,"comment_status":"closed","ping_status":"open","sticky":false,"template":"","format":"standard","meta":{"spay_email":"","footnotes":""},"categories":[37,8,39,52],"tags":[],"jetpack_featured_media_url":"https:\/\/i2.wp.com\/globalnewsmexico.com\/sitio\/wp-content\/uploads\/2021\/04\/francisco-garcia-cabeza-vaca-gobernador-21_0_0_1200_747.jpg?fit=958%2C596&ssl=1","jetpack_sharing_enabled":true,"jetpack_shortlink":"https:\/\/wp.me\/p9yqPL-gYP","jetpack_likes_enabled":true,"_links":{"self":[{"href":"https:\/\/globalnewsmexico.com\/sitio\/wp-json\/wp\/v2\/posts\/65275"}],"collection":[{"href":"https:\/\/globalnewsmexico.com\/sitio\/wp-json\/wp\/v2\/posts"}],"about":[{"href":"https:\/\/globalnewsmexico.com\/sitio\/wp-json\/wp\/v2\/types\/post"}],"author":[{"embeddable":true,"href":"https:\/\/globalnewsmexico.com\/sitio\/wp-json\/wp\/v2\/users\/5"}],"replies":[{"embeddable":true,"href":"https:\/\/globalnewsmexico.com\/sitio\/wp-json\/wp\/v2\/comments?post=65275"}],"version-history":[{"count":0,"href":"https:\/\/globalnewsmexico.com\/sitio\/wp-json\/wp\/v2\/posts\/65275\/revisions"}],"wp:featuredmedia":[{"embeddable":true,"href":"https:\/\/globalnewsmexico.com\/sitio\/wp-json\/wp\/v2\/media\/65283"}],"wp:attachment":[{"href":"https:\/\/globalnewsmexico.com\/sitio\/wp-json\/wp\/v2\/media?parent=65275"}],"wp:term":[{"taxonomy":"category","embeddable":true,"href":"https:\/\/globalnewsmexico.com\/sitio\/wp-json\/wp\/v2\/categories?post=65275"},{"taxonomy":"post_tag","embeddable":true,"href":"https:\/\/globalnewsmexico.com\/sitio\/wp-json\/wp\/v2\/tags?post=65275"}],"curies":[{"name":"wp","href":"https:\/\/api.w.org\/{rel}","templated":true}]}}