{"id":65306,"date":"2021-05-03T14:01:58","date_gmt":"2021-05-03T19:01:58","guid":{"rendered":"http:\/\/globalnewsmexico.com\/sitio\/?p=65306"},"modified":"2021-05-03T14:02:02","modified_gmt":"2021-05-03T19:02:02","slug":"gobernador-de-veracruz-definira-con-la-sep-y-segob-regreso-a-las-aulas-este-jueves","status":"publish","type":"post","link":"https:\/\/globalnewsmexico.com\/sitio\/gobernador-de-veracruz-definira-con-la-sep-y-segob-regreso-a-las-aulas-este-jueves\/","title":{"rendered":"Gobernador de Veracruz definir\u00e1 con la SEP y Segob regreso a las aulas este jueves"},"content":{"rendered":"\n<p><\/p>\n\n\n\n<p>El gobernador de Veracruz, Cuitl\u00e1huac Garc\u00eda Jim\u00e9nez inform\u00f3 que este 6 de mayo sostendr\u00e1 una reuni\u00f3n virtual con la Secretar\u00eda de Educaci\u00f3n P\u00fablica, y la secretar\u00eda de Gobernaci\u00f3n para definir los criterios para el regreso a clases presenciales.<\/p>\n\n\n\n<p>En conferencia de prensa desde Xalapa, el mandatario estatal dijo que todos los gobernadores mantendr\u00e1n un di\u00e1logo con la titular de la SEP, Delfina G\u00f3mez, y Olga S\u00e1nchez Cordero.<\/p>\n\n\n\n<p>\u00abEstamos en este plan de preparaci\u00f3n, el d\u00eda 6 de mayo la secretaria de gobernaci\u00f3n nos ha convocado a los gobernadores para que estemos en una reuni\u00f3n&nbsp;virtual con la secretaria para que se determinen los criterios generales para el reinicio a clases\u00bb.<\/p>\n\n\n\n<p>Por lo que ser\u00e1\u00a0 el d\u00eda viernes cuando el gobernador d\u00e9 una\u00a0conferencia de prensa para informar al respecto.<\/p>\n\n\n\n<p>Fuente:Xeu<\/p>\n\n\n\n<p><\/p>\n","protected":false},"excerpt":{"rendered":"<p>El gobernador de Veracruz, Cuitl\u00e1huac Garc\u00eda Jim\u00e9nez inform\u00f3 que este 6 de mayo sostendr\u00e1 una reuni\u00f3n virtual con la Secretar\u00eda de Educaci\u00f3n P\u00fablica, y la secretar\u00eda de Gobernaci\u00f3n para definir los criterios para el regreso a clases presenciales. En conferencia de prensa desde Xalapa, el mandatario estatal dijo que todos los gobernadores mantendr\u00e1n un di\u00e1logo<a class=\"read-more\" href=\"https:\/\/globalnewsmexico.com\/sitio\/gobernador-de-veracruz-definira-con-la-sep-y-segob-regreso-a-las-aulas-este-jueves\/\">Leer m\u00e1s<\/a><\/p>\n","protected":false},"author":5,"featured_media":65307,"comment_status":"closed","ping_status":"open","sticky":false,"template":"","format":"standard","meta":{"spay_email":"","footnotes":""},"categories":[37,8,50,52],"tags":[],"jetpack_featured_media_url":"https:\/\/i0.wp.com\/globalnewsmexico.com\/sitio\/wp-content\/uploads\/2021\/05\/3ero-2.jpg?fit=1024%2C675&ssl=1","jetpack_sharing_enabled":true,"jetpack_shortlink":"https:\/\/wp.me\/p9yqPL-gZk","jetpack_likes_enabled":true,"_links":{"self":[{"href":"https:\/\/globalnewsmexico.com\/sitio\/wp-json\/wp\/v2\/posts\/65306"}],"collection":[{"href":"https:\/\/globalnewsmexico.com\/sitio\/wp-json\/wp\/v2\/posts"}],"about":[{"href":"https:\/\/globalnewsmexico.com\/sitio\/wp-json\/wp\/v2\/types\/post"}],"author":[{"embeddable":true,"href":"https:\/\/globalnewsmexico.com\/sitio\/wp-json\/wp\/v2\/users\/5"}],"replies":[{"embeddable":true,"href":"https:\/\/globalnewsmexico.com\/sitio\/wp-json\/wp\/v2\/comments?post=65306"}],"version-history":[{"count":0,"href":"https:\/\/globalnewsmexico.com\/sitio\/wp-json\/wp\/v2\/posts\/65306\/revisions"}],"wp:featuredmedia":[{"embeddable":true,"href":"https:\/\/globalnewsmexico.com\/sitio\/wp-json\/wp\/v2\/media\/65307"}],"wp:attachment":[{"href":"https:\/\/globalnewsmexico.com\/sitio\/wp-json\/wp\/v2\/media?parent=65306"}],"wp:term":[{"taxonomy":"category","embeddable":true,"href":"https:\/\/globalnewsmexico.com\/sitio\/wp-json\/wp\/v2\/categories?post=65306"},{"taxonomy":"post_tag","embeddable":true,"href":"https:\/\/globalnewsmexico.com\/sitio\/wp-json\/wp\/v2\/tags?post=65306"}],"curies":[{"name":"wp","href":"https:\/\/api.w.org\/{rel}","templated":true}]}}