{"id":65319,"date":"2021-05-04T09:32:35","date_gmt":"2021-05-04T14:32:35","guid":{"rendered":"http:\/\/globalnewsmexico.com\/sitio\/?p=65319"},"modified":"2021-05-04T09:32:44","modified_gmt":"2021-05-04T14:32:44","slug":"no-se-va-a-ocultar-nada-el-pueblo-tiene-que-conocer-la-verdad-dice-amlo-sobre-causas-del-colapso-de-la-linea-12-del-metro","status":"publish","type":"post","link":"https:\/\/globalnewsmexico.com\/sitio\/no-se-va-a-ocultar-nada-el-pueblo-tiene-que-conocer-la-verdad-dice-amlo-sobre-causas-del-colapso-de-la-linea-12-del-metro\/","title":{"rendered":"\u201cNo se va a ocultar nada, el pueblo tiene que conocer la verdad\u201d, dice AMLO sobre causas del colapso de la L\u00ednea 12 del Metro"},"content":{"rendered":"\n<p>El presidente de\u00a0M\u00e9xico,\u00a0Andr\u00e9s Manuel L\u00f3pez Obrador, asegur\u00f3 que se har\u00e1 una \u201cinvestigaci\u00f3n a fondo y sin miramientos\u201d sobre las causas del colapso en la L\u00ednea 12 del Metro de la\u00a0Ciudad de M\u00e9xico.<\/p>\n\n\n\n<p>\u201cNo se va a ocultar absolutamente nada, el pueblo de\u00a0M\u00e9xico\u00a0tiene que conocer toda la verdad, no se les va a ocultar nada porque se tiene que actuar con responsabilidad como siempre, como lo hemos hecho en el gobierno, no se ocultan las cosas, se habla con la verdad, no mentir, no robar, no traicionar al pueblo y todos los d\u00edas se va a estar informando sobre este asunto\u201d, dijo este martes en conferencia matutina.<\/p>\n\n\n\n<p>El mandatario expres\u00f3 sus condolencias a las familias de los fallecidos.<\/p>\n\n\n\n<p>\u201cPor ahora nuestro abrazo fraterno, sincero a los familiares de las v\u00edctimas y todo nuestro apoyo a los heridos que vamos a seguir atendiendolos para salvarles la vida, para que no tengamos m\u00e1s fallecimientos, como lo expres\u00f3 la\u00a0Jefa de Gobierno\u00a0y ya he dicho que respaldamos su postura\u201d, dijo.<\/p>\n\n\n\n<p>L\u00f3pez Obrador\u00a0asegur\u00f3 que se realizar\u00e1 una investigaci\u00f3n con expertos independientes a nivel internacional.<\/p>\n\n\n\n<p>\u201cNo podemos como aqu\u00ed lo mencion\u00f3\u00a0Claudia\u00a0caer en el terreno de la especulaci\u00f3n y mucho menos el de culpar sin tener pruebas a los posibles responsables. Vamos a que se haga la investigaci\u00f3n pronto, porque eso es importante y se va a informar a los ciudadanos. vamos a tener abierto este canal de comunicaci\u00f3n con los ciudadanos\u201d<a href=\"http:\/\/lopezobrador_\/\">.<\/a><\/p>\n\n\n\n<p>La\u00a0L\u00ednea 12\u00a0del\u00a0Metro\u00a0fue la mayor obra p\u00fablica del actual canciller de M\u00e9xico,\u00a0Marcelo Ebrard, cuando se desempe\u00f1\u00f3 como Jefe de Gobierno de la capital de 2006 a 2012.\u00a0<\/p>\n\n\n\n<p>La l\u00ednea que corre de\u00a0Tl\u00e1huac\u00a0a\u00a0Mixcoac\u00a0fue inaugurada a fines de octubre de 2012, y tan s\u00f3lo dos a\u00f1os despu\u00e9s fue cerrada parcialmente debido a que se tuvieron que reemplazar m\u00e1s de 312 mil piezas de rieles \u00fanicamente en el tramo elevado.\u00a0<\/p>\n\n\n\n<p>Fuente:Latinus<\/p>\n\n\n\n<p><\/p>\n","protected":false},"excerpt":{"rendered":"<p>El presidente de\u00a0M\u00e9xico,\u00a0Andr\u00e9s Manuel L\u00f3pez Obrador, asegur\u00f3 que se har\u00e1 una \u201cinvestigaci\u00f3n a fondo y sin miramientos\u201d sobre las causas del colapso en la L\u00ednea 12 del Metro de la\u00a0Ciudad de M\u00e9xico. \u201cNo se va a ocultar absolutamente nada, el pueblo de\u00a0M\u00e9xico\u00a0tiene que conocer toda la verdad, no se les va a ocultar nada porque<a class=\"read-more\" href=\"https:\/\/globalnewsmexico.com\/sitio\/no-se-va-a-ocultar-nada-el-pueblo-tiene-que-conocer-la-verdad-dice-amlo-sobre-causas-del-colapso-de-la-linea-12-del-metro\/\">Leer m\u00e1s<\/a><\/p>\n","protected":false},"author":5,"featured_media":65320,"comment_status":"closed","ping_status":"open","sticky":false,"template":"","format":"standard","meta":{"spay_email":"","footnotes":""},"categories":[37,8,49,52],"tags":[],"jetpack_featured_media_url":"https:\/\/i1.wp.com\/globalnewsmexico.com\/sitio\/wp-content\/uploads\/2021\/05\/4tro-1.jpg?fit=1024%2C529&ssl=1","jetpack_sharing_enabled":true,"jetpack_shortlink":"https:\/\/wp.me\/p9yqPL-gZx","jetpack_likes_enabled":true,"_links":{"self":[{"href":"https:\/\/globalnewsmexico.com\/sitio\/wp-json\/wp\/v2\/posts\/65319"}],"collection":[{"href":"https:\/\/globalnewsmexico.com\/sitio\/wp-json\/wp\/v2\/posts"}],"about":[{"href":"https:\/\/globalnewsmexico.com\/sitio\/wp-json\/wp\/v2\/types\/post"}],"author":[{"embeddable":true,"href":"https:\/\/globalnewsmexico.com\/sitio\/wp-json\/wp\/v2\/users\/5"}],"replies":[{"embeddable":true,"href":"https:\/\/globalnewsmexico.com\/sitio\/wp-json\/wp\/v2\/comments?post=65319"}],"version-history":[{"count":0,"href":"https:\/\/globalnewsmexico.com\/sitio\/wp-json\/wp\/v2\/posts\/65319\/revisions"}],"wp:featuredmedia":[{"embeddable":true,"href":"https:\/\/globalnewsmexico.com\/sitio\/wp-json\/wp\/v2\/media\/65320"}],"wp:attachment":[{"href":"https:\/\/globalnewsmexico.com\/sitio\/wp-json\/wp\/v2\/media?parent=65319"}],"wp:term":[{"taxonomy":"category","embeddable":true,"href":"https:\/\/globalnewsmexico.com\/sitio\/wp-json\/wp\/v2\/categories?post=65319"},{"taxonomy":"post_tag","embeddable":true,"href":"https:\/\/globalnewsmexico.com\/sitio\/wp-json\/wp\/v2\/tags?post=65319"}],"curies":[{"name":"wp","href":"https:\/\/api.w.org\/{rel}","templated":true}]}}