{"id":65329,"date":"2021-05-04T13:27:55","date_gmt":"2021-05-04T18:27:55","guid":{"rendered":"http:\/\/globalnewsmexico.com\/sitio\/?p=65329"},"modified":"2021-05-04T13:28:03","modified_gmt":"2021-05-04T18:28:03","slug":"se-encontro-una-fosa-con-7-cuerpos-en-arbolillo-ha-sido-el-hallazgo-mas-reciente","status":"publish","type":"post","link":"https:\/\/globalnewsmexico.com\/sitio\/se-encontro-una-fosa-con-7-cuerpos-en-arbolillo-ha-sido-el-hallazgo-mas-reciente\/","title":{"rendered":"Se encontr\u00f3 una fosa con 7 cuerpos en Arbolillo, ha sido el hallazgo m\u00e1s reciente"},"content":{"rendered":"\n<p>Ya suman 45 cuerpos hallados en las fosas clandestinas de Arbolillo, en Alvarado Veracruz, as\u00ed lo dio a conocer Lucia D\u00edaz Genao, presidenta del Colectivo Solecito de Veracruz.<\/p>\n\n\n\n<p>Hace aproximadamente 20 d\u00edas, se encontr\u00f3 una nueva fosa en donde se hallaron 7 cuerpos que fueron exhumados junto con credenciales, por lo que su identificaci\u00f3n podr\u00eda ser m\u00e1s f\u00e1cil con este tipo de informaci\u00f3n encontrada en las fosas.<\/p>\n\n\n\n<p>\u201cSe est\u00e1 trabajando en un archivo con todas esas identificaciones personales y prendas que estaban ah\u00ed para que las personas que quieran verlas puedan acceder a ellas en servicios periciales porque a veces algunas personas que han identificado familiares han reconocido las prendas\u201d, dijo.<\/p>\n\n\n\n<p>Detall\u00f3 que la particularidad de las fosas en Arbolillo es que los cuerpos fueron enterrados completos, es decir, no ocurri\u00f3 como en Colinas de Santa Fe, donde fueron encontrados restos \u00f3seos en las fosas clandestinas.<\/p>\n\n\n\n<p>Por lo anterior, se puede presumir que la identificaci\u00f3n de los cuerpos puede ser m\u00e1s r\u00e1pida, aunque reconoci\u00f3 que los servicios forenses contin\u00faan saturados para realizar este proceso.<\/p>\n\n\n\n<p>Fuente:Xeu<\/p>\n\n\n\n<p><\/p>\n","protected":false},"excerpt":{"rendered":"<p>Ya suman 45 cuerpos hallados en las fosas clandestinas de Arbolillo, en Alvarado Veracruz, as\u00ed lo dio a conocer Lucia D\u00edaz Genao, presidenta del Colectivo Solecito de Veracruz. Hace aproximadamente 20 d\u00edas, se encontr\u00f3 una nueva fosa en donde se hallaron 7 cuerpos que fueron exhumados junto con credenciales, por lo que su identificaci\u00f3n podr\u00eda<a class=\"read-more\" href=\"https:\/\/globalnewsmexico.com\/sitio\/se-encontro-una-fosa-con-7-cuerpos-en-arbolillo-ha-sido-el-hallazgo-mas-reciente\/\">Leer m\u00e1s<\/a><\/p>\n","protected":false},"author":5,"featured_media":65330,"comment_status":"closed","ping_status":"open","sticky":false,"template":"","format":"standard","meta":{"spay_email":"","footnotes":""},"categories":[37,8,50,52],"tags":[],"jetpack_featured_media_url":"https:\/\/i2.wp.com\/globalnewsmexico.com\/sitio\/wp-content\/uploads\/2021\/05\/4tro-6.jpg?fit=1024%2C682&ssl=1","jetpack_sharing_enabled":true,"jetpack_shortlink":"https:\/\/wp.me\/p9yqPL-gZH","jetpack_likes_enabled":true,"_links":{"self":[{"href":"https:\/\/globalnewsmexico.com\/sitio\/wp-json\/wp\/v2\/posts\/65329"}],"collection":[{"href":"https:\/\/globalnewsmexico.com\/sitio\/wp-json\/wp\/v2\/posts"}],"about":[{"href":"https:\/\/globalnewsmexico.com\/sitio\/wp-json\/wp\/v2\/types\/post"}],"author":[{"embeddable":true,"href":"https:\/\/globalnewsmexico.com\/sitio\/wp-json\/wp\/v2\/users\/5"}],"replies":[{"embeddable":true,"href":"https:\/\/globalnewsmexico.com\/sitio\/wp-json\/wp\/v2\/comments?post=65329"}],"version-history":[{"count":0,"href":"https:\/\/globalnewsmexico.com\/sitio\/wp-json\/wp\/v2\/posts\/65329\/revisions"}],"wp:featuredmedia":[{"embeddable":true,"href":"https:\/\/globalnewsmexico.com\/sitio\/wp-json\/wp\/v2\/media\/65330"}],"wp:attachment":[{"href":"https:\/\/globalnewsmexico.com\/sitio\/wp-json\/wp\/v2\/media?parent=65329"}],"wp:term":[{"taxonomy":"category","embeddable":true,"href":"https:\/\/globalnewsmexico.com\/sitio\/wp-json\/wp\/v2\/categories?post=65329"},{"taxonomy":"post_tag","embeddable":true,"href":"https:\/\/globalnewsmexico.com\/sitio\/wp-json\/wp\/v2\/tags?post=65329"}],"curies":[{"name":"wp","href":"https:\/\/api.w.org\/{rel}","templated":true}]}}