{"id":65346,"date":"2021-05-04T22:16:15","date_gmt":"2021-05-05T03:16:15","guid":{"rendered":"http:\/\/globalnewsmexico.com\/sitio\/?p=65346"},"modified":"2021-05-04T22:16:19","modified_gmt":"2021-05-05T03:16:19","slug":"suma-veracruz-9515-muertes-y-59859-contagios-acumulados-de-covid-19","status":"publish","type":"post","link":"https:\/\/globalnewsmexico.com\/sitio\/suma-veracruz-9515-muertes-y-59859-contagios-acumulados-de-covid-19\/","title":{"rendered":"Suma Veracruz 9,515 muertes y 59,859 contagios acumulados de COVID-19"},"content":{"rendered":"\n<p><\/p>\n\n\n\n<p>Hasta este martes 4 de mayo, el estado de Veracruz suma nueve mil 515 muertes a causa de COVID-19, inform\u00f3 la encargada de Epidemiolog\u00eda de la Secretar\u00eda de Salud estatal, Dulce Mar\u00eda Espejo Guevara.<\/p>\n\n\n\n<p>En cuanto a los casos confirmados acumulados, estos ascienden a 59 mil 859 en lo que va de la pandemia.<\/p>\n\n\n\n<p>Mientras que los casos confirmados actuales son 326.<\/p>\n\n\n\n<p>Los casos sospechosos a COVID-19 son 10 mil 762, seg\u00fan inform\u00f3 la dependencia estatal.<\/p>\n\n\n\n<p>En la entidad han sido estudiadas 132 mil 60 personas, de las cuales 61 mil 439 dieron un resultado negativo a la prueba para detectar el virus SARS-CoV-2.<\/p>\n\n\n\n<p>Fuente:Xeu<\/p>\n\n\n\n<p><\/p>\n","protected":false},"excerpt":{"rendered":"<p>Hasta este martes 4 de mayo, el estado de Veracruz suma nueve mil 515 muertes a causa de COVID-19, inform\u00f3 la encargada de Epidemiolog\u00eda de la Secretar\u00eda de Salud estatal, Dulce Mar\u00eda Espejo Guevara. En cuanto a los casos confirmados acumulados, estos ascienden a 59 mil 859 en lo que va de la pandemia. Mientras<a class=\"read-more\" href=\"https:\/\/globalnewsmexico.com\/sitio\/suma-veracruz-9515-muertes-y-59859-contagios-acumulados-de-covid-19\/\">Leer m\u00e1s<\/a><\/p>\n","protected":false},"author":5,"featured_media":65347,"comment_status":"closed","ping_status":"open","sticky":false,"template":"","format":"standard","meta":{"spay_email":"","footnotes":""},"categories":[37,8,50,52],"tags":[],"jetpack_featured_media_url":"https:\/\/i2.wp.com\/globalnewsmexico.com\/sitio\/wp-content\/uploads\/2021\/05\/4tro-16.jpg?fit=1024%2C552&ssl=1","jetpack_sharing_enabled":true,"jetpack_shortlink":"https:\/\/wp.me\/p9yqPL-gZY","jetpack_likes_enabled":true,"_links":{"self":[{"href":"https:\/\/globalnewsmexico.com\/sitio\/wp-json\/wp\/v2\/posts\/65346"}],"collection":[{"href":"https:\/\/globalnewsmexico.com\/sitio\/wp-json\/wp\/v2\/posts"}],"about":[{"href":"https:\/\/globalnewsmexico.com\/sitio\/wp-json\/wp\/v2\/types\/post"}],"author":[{"embeddable":true,"href":"https:\/\/globalnewsmexico.com\/sitio\/wp-json\/wp\/v2\/users\/5"}],"replies":[{"embeddable":true,"href":"https:\/\/globalnewsmexico.com\/sitio\/wp-json\/wp\/v2\/comments?post=65346"}],"version-history":[{"count":0,"href":"https:\/\/globalnewsmexico.com\/sitio\/wp-json\/wp\/v2\/posts\/65346\/revisions"}],"wp:featuredmedia":[{"embeddable":true,"href":"https:\/\/globalnewsmexico.com\/sitio\/wp-json\/wp\/v2\/media\/65347"}],"wp:attachment":[{"href":"https:\/\/globalnewsmexico.com\/sitio\/wp-json\/wp\/v2\/media?parent=65346"}],"wp:term":[{"taxonomy":"category","embeddable":true,"href":"https:\/\/globalnewsmexico.com\/sitio\/wp-json\/wp\/v2\/categories?post=65346"},{"taxonomy":"post_tag","embeddable":true,"href":"https:\/\/globalnewsmexico.com\/sitio\/wp-json\/wp\/v2\/tags?post=65346"}],"curies":[{"name":"wp","href":"https:\/\/api.w.org\/{rel}","templated":true}]}}