{"id":65356,"date":"2021-05-05T13:41:57","date_gmt":"2021-05-05T18:41:57","guid":{"rendered":"http:\/\/globalnewsmexico.com\/sitio\/?p=65356"},"modified":"2021-05-05T13:42:02","modified_gmt":"2021-05-05T18:42:02","slug":"evelyn-salgado-arranca-campana-a-la-gubernatura-de-guerrero","status":"publish","type":"post","link":"https:\/\/globalnewsmexico.com\/sitio\/evelyn-salgado-arranca-campana-a-la-gubernatura-de-guerrero\/","title":{"rendered":"Evelyn Salgado arranca campa\u00f1a a la gubernatura de Guerrero"},"content":{"rendered":"\n<p>Evelyn Salgado Pineda\u00a0dio\u00a0inicio a su campa\u00f1a para la gubernatura de Guerrero\u00a0por Morena, acompa\u00f1ada de su padre\u00a0F\u00e9lix Salgado Macedonio.\u00a0<\/p>\n\n\n\n<p>A un mes de iniciada la campa\u00f1a, es el primer mitin de la nueva abanderada de Morena al gobierno del estado, luego de que autoridades electorales le retiraran la candidatura a F\u00e9lix Salgado Macedonio.\u00a0<\/p>\n\n\n\n<p>El acto proselitista se realiza\u00a0en el parque La Laja, en Acapulco, lugar al que han llegado cientos de simpatizantes.<\/p>\n\n\n\n<p>Algunos personajes pol\u00edticos que la acompa\u00f1an es el ex subsecretario de Gobernaci\u00f3n,\u00a0Ricardo Peralta, as\u00ed como la candidata de Morena a la alcald\u00eda de Acapulco,\u00a0Avelina L\u00f3pez.<\/p>\n\n\n\n<p>Decenas de personas llegaron al arranque de campa\u00f1a de Evelyn Salgado.<\/p>\n\n\n\n<p>Al inicio del evento se pidi\u00f3 un minuto de silencio por las v\u00edctimas del derrumbe en la L\u00ednea 12 del Metro de la Ciudad de M\u00e9xico.\u00a0<\/p>\n\n\n\n<p>Fuente:Milenio<\/p>\n\n\n\n<p><\/p>\n","protected":false},"excerpt":{"rendered":"<p>Evelyn Salgado Pineda\u00a0dio\u00a0inicio a su campa\u00f1a para la gubernatura de Guerrero\u00a0por Morena, acompa\u00f1ada de su padre\u00a0F\u00e9lix Salgado Macedonio.\u00a0 A un mes de iniciada la campa\u00f1a, es el primer mitin de la nueva abanderada de Morena al gobierno del estado, luego de que autoridades electorales le retiraran la candidatura a F\u00e9lix Salgado Macedonio.\u00a0 El acto proselitista<a class=\"read-more\" href=\"https:\/\/globalnewsmexico.com\/sitio\/evelyn-salgado-arranca-campana-a-la-gubernatura-de-guerrero\/\">Leer m\u00e1s<\/a><\/p>\n","protected":false},"author":5,"featured_media":65357,"comment_status":"closed","ping_status":"open","sticky":false,"template":"","format":"standard","meta":{"spay_email":"","footnotes":""},"categories":[37,8,42,52],"tags":[],"jetpack_featured_media_url":"https:\/\/i0.wp.com\/globalnewsmexico.com\/sitio\/wp-content\/uploads\/2021\/05\/5co.jpeg?fit=1040%2C585&ssl=1","jetpack_sharing_enabled":true,"jetpack_shortlink":"https:\/\/wp.me\/p9yqPL-h08","jetpack_likes_enabled":true,"_links":{"self":[{"href":"https:\/\/globalnewsmexico.com\/sitio\/wp-json\/wp\/v2\/posts\/65356"}],"collection":[{"href":"https:\/\/globalnewsmexico.com\/sitio\/wp-json\/wp\/v2\/posts"}],"about":[{"href":"https:\/\/globalnewsmexico.com\/sitio\/wp-json\/wp\/v2\/types\/post"}],"author":[{"embeddable":true,"href":"https:\/\/globalnewsmexico.com\/sitio\/wp-json\/wp\/v2\/users\/5"}],"replies":[{"embeddable":true,"href":"https:\/\/globalnewsmexico.com\/sitio\/wp-json\/wp\/v2\/comments?post=65356"}],"version-history":[{"count":0,"href":"https:\/\/globalnewsmexico.com\/sitio\/wp-json\/wp\/v2\/posts\/65356\/revisions"}],"wp:featuredmedia":[{"embeddable":true,"href":"https:\/\/globalnewsmexico.com\/sitio\/wp-json\/wp\/v2\/media\/65357"}],"wp:attachment":[{"href":"https:\/\/globalnewsmexico.com\/sitio\/wp-json\/wp\/v2\/media?parent=65356"}],"wp:term":[{"taxonomy":"category","embeddable":true,"href":"https:\/\/globalnewsmexico.com\/sitio\/wp-json\/wp\/v2\/categories?post=65356"},{"taxonomy":"post_tag","embeddable":true,"href":"https:\/\/globalnewsmexico.com\/sitio\/wp-json\/wp\/v2\/tags?post=65356"}],"curies":[{"name":"wp","href":"https:\/\/api.w.org\/{rel}","templated":true}]}}