{"id":65389,"date":"2021-05-10T10:08:54","date_gmt":"2021-05-10T15:08:54","guid":{"rendered":"http:\/\/globalnewsmexico.com\/sitio\/?p=65389"},"modified":"2021-05-10T10:08:56","modified_gmt":"2021-05-10T15:08:56","slug":"amlo-cancela-conferencia-y-celebra-dia-de-las-madres-con-concierto-de-eugenia-leon","status":"publish","type":"post","link":"https:\/\/globalnewsmexico.com\/sitio\/amlo-cancela-conferencia-y-celebra-dia-de-las-madres-con-concierto-de-eugenia-leon\/","title":{"rendered":"AMLO cancela conferencia y celebra D\u00eda de las Madres con concierto de Eugenia Le\u00f3n"},"content":{"rendered":"\n<p>El presidente Andr\u00e9s Manuel L\u00f3pez Obrador\u00a0cancel\u00f3 su conferencia de prensa matutina en Palacio Nacional\u00a0para celebrar el D\u00eda de las Madres con un concierto de la cantante Eugenia Le\u00f3n.<\/p>\n\n\n\n<p>El mandatario explic\u00f3 que hoy no informar\u00eda sobe ning\u00fan tema y tampoco contestar\u00eda preguntas de los medios, al mandar una felicitaci\u00f3n a todas las madres del pa\u00eds.<\/p>\n\n\n\n<p>\u201cHoy lunes 10 de mayo enviamos nuestra felicitaci\u00f3n sincera cari\u00f1osa, a todas las madres de M\u00e9xico, a las mam\u00e1s que nos acompa\u00f1an, que est\u00e1n entre nosotros y a las que se han ido y est\u00e1n en el cielo o en el lugar de la felicidad y del amor, y que las recordamos y las vamos a recordar eternamente, muchas felicidades a todas las mam\u00e1s en este d\u00eda\u00bb, dijo.<\/p>\n\n\n\n<p>L\u00f3pez Obrador manifest\u00f3 que la conferencia de hoy ser\u00eda\u00a0un festival para las mam\u00e1s, a quienes invit\u00f3 a ver el concierto y que \u00abse sienten, se\u00a0acomoden, vean la tele, o por internet\u00bb<\/p>\n\n\n\n<p>\u00abNo vamos a contestar preguntas de ustedes porque las mam\u00e1s son primero, entonces es un d\u00eda muy especial, y queremos ofrecer a todas las mam\u00e1s un festival, hoy d\u00eda de las madres. La ma\u00f1anera va a ser un festival para las mam\u00e1s, y vamos a llevar a cabo este festival, estoy hablando m\u00e1s despacio que de costumbre, para que las mam\u00e1s se sienten, se acomoden, vean la tele, o por internet\u201d.<\/p>\n\n\n\n<p>La cantante inici\u00f3 el concierto interpretando temas como Las Ma\u00f1anitas, Traigo un amor y \u00c1nimas que no amanezca.<\/p>\n\n\n\n<p>Fuente:Milenio<\/p>\n\n\n\n<p><\/p>\n","protected":false},"excerpt":{"rendered":"<p>El presidente Andr\u00e9s Manuel L\u00f3pez Obrador\u00a0cancel\u00f3 su conferencia de prensa matutina en Palacio Nacional\u00a0para celebrar el D\u00eda de las Madres con un concierto de la cantante Eugenia Le\u00f3n. El mandatario explic\u00f3 que hoy no informar\u00eda sobe ning\u00fan tema y tampoco contestar\u00eda preguntas de los medios, al mandar una felicitaci\u00f3n a todas las madres del pa\u00eds.<a class=\"read-more\" href=\"https:\/\/globalnewsmexico.com\/sitio\/amlo-cancela-conferencia-y-celebra-dia-de-las-madres-con-concierto-de-eugenia-leon\/\">Leer m\u00e1s<\/a><\/p>\n","protected":false},"author":5,"featured_media":65390,"comment_status":"closed","ping_status":"open","sticky":false,"template":"","format":"standard","meta":{"spay_email":"","footnotes":""},"categories":[37,8,49,52],"tags":[],"jetpack_featured_media_url":"https:\/\/i1.wp.com\/globalnewsmexico.com\/sitio\/wp-content\/uploads\/2021\/05\/10mayo.jpg?fit=1040%2C647&ssl=1","jetpack_sharing_enabled":true,"jetpack_shortlink":"https:\/\/wp.me\/p9yqPL-h0F","jetpack_likes_enabled":true,"_links":{"self":[{"href":"https:\/\/globalnewsmexico.com\/sitio\/wp-json\/wp\/v2\/posts\/65389"}],"collection":[{"href":"https:\/\/globalnewsmexico.com\/sitio\/wp-json\/wp\/v2\/posts"}],"about":[{"href":"https:\/\/globalnewsmexico.com\/sitio\/wp-json\/wp\/v2\/types\/post"}],"author":[{"embeddable":true,"href":"https:\/\/globalnewsmexico.com\/sitio\/wp-json\/wp\/v2\/users\/5"}],"replies":[{"embeddable":true,"href":"https:\/\/globalnewsmexico.com\/sitio\/wp-json\/wp\/v2\/comments?post=65389"}],"version-history":[{"count":0,"href":"https:\/\/globalnewsmexico.com\/sitio\/wp-json\/wp\/v2\/posts\/65389\/revisions"}],"wp:featuredmedia":[{"embeddable":true,"href":"https:\/\/globalnewsmexico.com\/sitio\/wp-json\/wp\/v2\/media\/65390"}],"wp:attachment":[{"href":"https:\/\/globalnewsmexico.com\/sitio\/wp-json\/wp\/v2\/media?parent=65389"}],"wp:term":[{"taxonomy":"category","embeddable":true,"href":"https:\/\/globalnewsmexico.com\/sitio\/wp-json\/wp\/v2\/categories?post=65389"},{"taxonomy":"post_tag","embeddable":true,"href":"https:\/\/globalnewsmexico.com\/sitio\/wp-json\/wp\/v2\/tags?post=65389"}],"curies":[{"name":"wp","href":"https:\/\/api.w.org\/{rel}","templated":true}]}}