{"id":65413,"date":"2021-05-11T16:57:59","date_gmt":"2021-05-11T21:57:59","guid":{"rendered":"http:\/\/globalnewsmexico.com\/sitio\/?p=65413"},"modified":"2021-05-11T16:58:05","modified_gmt":"2021-05-11T21:58:05","slug":"fge-investiga-privacion-de-la-libertad-de-madre-de-alcalde-de-san-andres-tuxtla","status":"publish","type":"post","link":"https:\/\/globalnewsmexico.com\/sitio\/fge-investiga-privacion-de-la-libertad-de-madre-de-alcalde-de-san-andres-tuxtla\/","title":{"rendered":"FGE investiga privaci\u00f3n de la libertad de madre de alcalde de San Andr\u00e9s Tuxtla"},"content":{"rendered":"\n<p>La Fiscal\u00eda General del Estado (FGE) investiga el caso de privaci\u00f3n de la libertad de la madre del alcalde de San Andr\u00e9s Tuxtla, Octavio P\u00e9rez Garay.<\/p>\n\n\n\n<p>\u00abDerivado de una denuncia interpuesta ante el ministerio p\u00fablico, la Fiscal\u00eda General del Estado investiga los hechos ocurridos en el municipio de San Andr\u00e9s Tuxtla, donde presuntamente fue privada de la libertad una mujer de quien se reserva su identidad por su condici\u00f3n de v\u00edctima\u00bb, se\u00f1ala el organismo en un breve comunicado.<\/p>\n\n\n\n<p>Asimismo, indica que elementos de investigaci\u00f3n de la Fiscal\u00eda estatal despliegan los protocolos de actuaci\u00f3n especializados para localizar a la v\u00edctima y poner a disposici\u00f3n de la autoridad judicial a quienes resulten responsables.<\/p>\n\n\n\n<p>Fuente:Xeu<\/p>\n\n\n\n<p><\/p>\n","protected":false},"excerpt":{"rendered":"<p>La Fiscal\u00eda General del Estado (FGE) investiga el caso de privaci\u00f3n de la libertad de la madre del alcalde de San Andr\u00e9s Tuxtla, Octavio P\u00e9rez Garay. \u00abDerivado de una denuncia interpuesta ante el ministerio p\u00fablico, la Fiscal\u00eda General del Estado investiga los hechos ocurridos en el municipio de San Andr\u00e9s Tuxtla, donde presuntamente fue privada<a class=\"read-more\" href=\"https:\/\/globalnewsmexico.com\/sitio\/fge-investiga-privacion-de-la-libertad-de-madre-de-alcalde-de-san-andres-tuxtla\/\">Leer m\u00e1s<\/a><\/p>\n","protected":false},"author":5,"featured_media":65414,"comment_status":"closed","ping_status":"open","sticky":false,"template":"","format":"standard","meta":{"spay_email":"","footnotes":""},"categories":[37,8,50,52],"tags":[],"jetpack_featured_media_url":"https:\/\/i2.wp.com\/globalnewsmexico.com\/sitio\/wp-content\/uploads\/2021\/05\/11-de-mayo-1.jpg?fit=1024%2C683&ssl=1","jetpack_sharing_enabled":true,"jetpack_shortlink":"https:\/\/wp.me\/p9yqPL-h13","jetpack_likes_enabled":true,"_links":{"self":[{"href":"https:\/\/globalnewsmexico.com\/sitio\/wp-json\/wp\/v2\/posts\/65413"}],"collection":[{"href":"https:\/\/globalnewsmexico.com\/sitio\/wp-json\/wp\/v2\/posts"}],"about":[{"href":"https:\/\/globalnewsmexico.com\/sitio\/wp-json\/wp\/v2\/types\/post"}],"author":[{"embeddable":true,"href":"https:\/\/globalnewsmexico.com\/sitio\/wp-json\/wp\/v2\/users\/5"}],"replies":[{"embeddable":true,"href":"https:\/\/globalnewsmexico.com\/sitio\/wp-json\/wp\/v2\/comments?post=65413"}],"version-history":[{"count":0,"href":"https:\/\/globalnewsmexico.com\/sitio\/wp-json\/wp\/v2\/posts\/65413\/revisions"}],"wp:featuredmedia":[{"embeddable":true,"href":"https:\/\/globalnewsmexico.com\/sitio\/wp-json\/wp\/v2\/media\/65414"}],"wp:attachment":[{"href":"https:\/\/globalnewsmexico.com\/sitio\/wp-json\/wp\/v2\/media?parent=65413"}],"wp:term":[{"taxonomy":"category","embeddable":true,"href":"https:\/\/globalnewsmexico.com\/sitio\/wp-json\/wp\/v2\/categories?post=65413"},{"taxonomy":"post_tag","embeddable":true,"href":"https:\/\/globalnewsmexico.com\/sitio\/wp-json\/wp\/v2\/tags?post=65413"}],"curies":[{"name":"wp","href":"https:\/\/api.w.org\/{rel}","templated":true}]}}