{"id":65515,"date":"2021-05-28T13:25:38","date_gmt":"2021-05-28T18:25:38","guid":{"rendered":"http:\/\/globalnewsmexico.com\/sitio\/?p=65515"},"modified":"2021-05-28T13:25:45","modified_gmt":"2021-05-28T18:25:45","slug":"todo-listo-para-vacunacion-a-personas-de-40-a-49-anos","status":"publish","type":"post","link":"https:\/\/globalnewsmexico.com\/sitio\/todo-listo-para-vacunacion-a-personas-de-40-a-49-anos\/","title":{"rendered":"Todo listo para vacunaci\u00f3n a personas de 40 a 49 a\u00f1os"},"content":{"rendered":"\n<p>La Secretar\u00eda de Salud anunci\u00f3 oficialmente la apertura del registro de personas de 40 a 49 a\u00f1os para recibir la vacuna contra el covid 19, dijo Ruy L\u00f3pez Ridaura, director general del Centro Nacional de Programas Preventivos y Control de Enfermedades.<\/p>\n\n\n\n<p>En rueda de prensa en Palacio Nacional, el encargado de la estrategia nacional de vacunaci\u00f3n anticovid se\u00f1al\u00f3 que esto se podr\u00e1 realizar gracias a que no se ha interrumpido el abasto de vacunas. <\/p>\n\n\n\n<p>\u00abEstamos iniciando ahora la vacunaci\u00f3n para personas de 40 a 49 a\u00f1os, la meta que tenemos es de 11.4 millones de personas, que representa el 70 por ciento de la poblaci\u00f3n total de esta d\u00e9cada que es de 16.3 millones y la idea es iniciar en la primera semana de junio, la pr\u00f3xima semana\u00bb, explic\u00f3 L\u00f3pez Ridaura.<\/p>\n\n\n\n<p>Explic\u00f3 que la vacunaci\u00f3n de personas de 40 a 49 a\u00f1os se realizar\u00e1 de manera concurrente con la de personas de 50 a 59&nbsp;a\u00f1os, de adultos mayores rezagados, de mujeres embarazadas, y del personal educativo que a\u00fan restan de ser vacunados.<\/p>\n\n\n\n<p>Adem\u00e1s, se ampliar\u00e1 el n\u00famero de centros de vacunaci\u00f3n regionales para que atiendan a amplias zonas, y se dar\u00e1 prioridad a los municipios que tienen repunte de contagios del coronavirus.<\/p>\n\n\n\n<p>El presidente L\u00f3pez Obrador reiter\u00f3 que se vacunar\u00e1 a la poblaci\u00f3n adulta a m\u00e1s tardar en octubre.<\/p>\n\n\n\n<p>\u00abVamos a cumplir con el prop\u00f3sito de que, para octubre, antes del invierno, se van a tener vacunados a todos los mexicanos, hombres y mujeres mayores de 18 a\u00f1os, aun con una primera dosis\u00bb, insisti\u00f3 el titular del Ejecutivo.<\/p>\n\n\n\n<p>En M\u00e9xico a la fecha se han usado 29 millones 339 mil 997 dosis, se\u00f1al\u00f3 el subsecretario de salud Hugo L\u00f3pez Gatell.<\/p>\n\n\n\n<p>Detall\u00f3 que, a la fecha, 12.2 millones de personas recibieron ya la doble dosis y 8.5 millones han recibido s\u00f3lo una dosis.<\/p>\n\n\n\n<p>El jueves se aplicaron 732 mil vacunas y se tienen tres d\u00edas consecutivos con m\u00e1s de 700 mil dosis aplicadas.<\/p>\n\n\n\n<p>A la fecha se han recibido 37.7 millones de vacunas.<\/p>\n\n\n\n<p>Fuente:Exc\u00e9lsior <\/p>\n\n\n\n<p><\/p>\n","protected":false},"excerpt":{"rendered":"<p>La Secretar\u00eda de Salud anunci\u00f3 oficialmente la apertura del registro de personas de 40 a 49 a\u00f1os para recibir la vacuna contra el covid 19, dijo Ruy L\u00f3pez Ridaura, director general del Centro Nacional de Programas Preventivos y Control de Enfermedades. En rueda de prensa en Palacio Nacional, el encargado de la estrategia nacional de<a class=\"read-more\" href=\"https:\/\/globalnewsmexico.com\/sitio\/todo-listo-para-vacunacion-a-personas-de-40-a-49-anos\/\">Leer m\u00e1s<\/a><\/p>\n","protected":false},"author":5,"featured_media":65516,"comment_status":"closed","ping_status":"open","sticky":false,"template":"","format":"standard","meta":{"spay_email":"","footnotes":""},"categories":[37,8,49,52],"tags":[],"jetpack_featured_media_url":"https:\/\/i1.wp.com\/globalnewsmexico.com\/sitio\/wp-content\/uploads\/2021\/05\/2586019_1024x768.jpg?fit=1024%2C768&ssl=1","jetpack_sharing_enabled":true,"jetpack_shortlink":"https:\/\/wp.me\/p9yqPL-h2H","jetpack_likes_enabled":true,"_links":{"self":[{"href":"https:\/\/globalnewsmexico.com\/sitio\/wp-json\/wp\/v2\/posts\/65515"}],"collection":[{"href":"https:\/\/globalnewsmexico.com\/sitio\/wp-json\/wp\/v2\/posts"}],"about":[{"href":"https:\/\/globalnewsmexico.com\/sitio\/wp-json\/wp\/v2\/types\/post"}],"author":[{"embeddable":true,"href":"https:\/\/globalnewsmexico.com\/sitio\/wp-json\/wp\/v2\/users\/5"}],"replies":[{"embeddable":true,"href":"https:\/\/globalnewsmexico.com\/sitio\/wp-json\/wp\/v2\/comments?post=65515"}],"version-history":[{"count":0,"href":"https:\/\/globalnewsmexico.com\/sitio\/wp-json\/wp\/v2\/posts\/65515\/revisions"}],"wp:featuredmedia":[{"embeddable":true,"href":"https:\/\/globalnewsmexico.com\/sitio\/wp-json\/wp\/v2\/media\/65516"}],"wp:attachment":[{"href":"https:\/\/globalnewsmexico.com\/sitio\/wp-json\/wp\/v2\/media?parent=65515"}],"wp:term":[{"taxonomy":"category","embeddable":true,"href":"https:\/\/globalnewsmexico.com\/sitio\/wp-json\/wp\/v2\/categories?post=65515"},{"taxonomy":"post_tag","embeddable":true,"href":"https:\/\/globalnewsmexico.com\/sitio\/wp-json\/wp\/v2\/tags?post=65515"}],"curies":[{"name":"wp","href":"https:\/\/api.w.org\/{rel}","templated":true}]}}