{"id":65575,"date":"2021-06-09T13:53:10","date_gmt":"2021-06-09T18:53:10","guid":{"rendered":"http:\/\/globalnewsmexico.com\/sitio\/?p=65575"},"modified":"2021-06-09T13:53:15","modified_gmt":"2021-06-09T18:53:15","slug":"arturo-herrera-dejara-hacienda-sera-candidato-a-gobernador-del-banxico","status":"publish","type":"post","link":"https:\/\/globalnewsmexico.com\/sitio\/arturo-herrera-dejara-hacienda-sera-candidato-a-gobernador-del-banxico\/","title":{"rendered":"Arturo Herrera dejar\u00e1 Hacienda; ser\u00e1 candidato a gobernador del Banxico"},"content":{"rendered":"\n<p>El secretario de\u00a0Hacienda y Cr\u00e9dito P\u00fablico\u00a0(SHCP),\u00a0Arturo Herrera Guti\u00e9rrez,\u00a0deja la dependencia para contender por la candidatura a gobernador del\u00a0Banco de M\u00e9xico\u00a0(Banxico) y sustituir a\u00a0Alejandro D\u00edaz de Le\u00f3n, quien dejar\u00e1 el cargo seg\u00fan lo establece la ley a finales de a\u00f1o, as\u00ed lo dio a conocer el presidente Andr\u00e9s Manuel L\u00f3pez Obrador.<\/p>\n\n\n\n<p>En d\u00edas previos, el Presidente\u00a0descart\u00f3 proponer para un nuevo periodo\u00a0a\u00a0Alejandro D\u00edaz de Le\u00f3n, actual jefe del\u00a0Banxico\u00a0y adelant\u00f3 que propondr\u00e1 a un economista con \u00abdimensi\u00f3n social\u00bb para el t\u00e9rmino de su mandato el pr\u00f3ximo 31 de diciembre.<\/p>\n\n\n\n<p>Tras el anunci\u00f3 de que Arturo Herrera ser\u00e1 candidato a gobernador del Banxico, Rogelio Ram\u00edrez de la O, asumir\u00e1 el cargo de secretario de Hacienda.\u00a0<\/p>\n\n\n\n<p>Fuente:Milenio<\/p>\n\n\n\n<p>x<\/p>\n","protected":false},"excerpt":{"rendered":"<p>El secretario de\u00a0Hacienda y Cr\u00e9dito P\u00fablico\u00a0(SHCP),\u00a0Arturo Herrera Guti\u00e9rrez,\u00a0deja la dependencia para contender por la candidatura a gobernador del\u00a0Banco de M\u00e9xico\u00a0(Banxico) y sustituir a\u00a0Alejandro D\u00edaz de Le\u00f3n, quien dejar\u00e1 el cargo seg\u00fan lo establece la ley a finales de a\u00f1o, as\u00ed lo dio a conocer el presidente Andr\u00e9s Manuel L\u00f3pez Obrador. En d\u00edas previos, el Presidente\u00a0descart\u00f3<a class=\"read-more\" href=\"https:\/\/globalnewsmexico.com\/sitio\/arturo-herrera-dejara-hacienda-sera-candidato-a-gobernador-del-banxico\/\">Leer m\u00e1s<\/a><\/p>\n","protected":false},"author":5,"featured_media":65576,"comment_status":"closed","ping_status":"open","sticky":false,"template":"","format":"standard","meta":{"spay_email":"","footnotes":""},"categories":[37,8,49,52],"tags":[],"jetpack_featured_media_url":"https:\/\/i1.wp.com\/globalnewsmexico.com\/sitio\/wp-content\/uploads\/2021\/06\/9-de-junio-1.jpeg?fit=1040%2C647&ssl=1","jetpack_sharing_enabled":true,"jetpack_shortlink":"https:\/\/wp.me\/p9yqPL-h3F","jetpack_likes_enabled":true,"_links":{"self":[{"href":"https:\/\/globalnewsmexico.com\/sitio\/wp-json\/wp\/v2\/posts\/65575"}],"collection":[{"href":"https:\/\/globalnewsmexico.com\/sitio\/wp-json\/wp\/v2\/posts"}],"about":[{"href":"https:\/\/globalnewsmexico.com\/sitio\/wp-json\/wp\/v2\/types\/post"}],"author":[{"embeddable":true,"href":"https:\/\/globalnewsmexico.com\/sitio\/wp-json\/wp\/v2\/users\/5"}],"replies":[{"embeddable":true,"href":"https:\/\/globalnewsmexico.com\/sitio\/wp-json\/wp\/v2\/comments?post=65575"}],"version-history":[{"count":0,"href":"https:\/\/globalnewsmexico.com\/sitio\/wp-json\/wp\/v2\/posts\/65575\/revisions"}],"wp:featuredmedia":[{"embeddable":true,"href":"https:\/\/globalnewsmexico.com\/sitio\/wp-json\/wp\/v2\/media\/65576"}],"wp:attachment":[{"href":"https:\/\/globalnewsmexico.com\/sitio\/wp-json\/wp\/v2\/media?parent=65575"}],"wp:term":[{"taxonomy":"category","embeddable":true,"href":"https:\/\/globalnewsmexico.com\/sitio\/wp-json\/wp\/v2\/categories?post=65575"},{"taxonomy":"post_tag","embeddable":true,"href":"https:\/\/globalnewsmexico.com\/sitio\/wp-json\/wp\/v2\/tags?post=65575"}],"curies":[{"name":"wp","href":"https:\/\/api.w.org\/{rel}","templated":true}]}}