{"id":65580,"date":"2021-06-09T20:22:37","date_gmt":"2021-06-10T01:22:37","guid":{"rendered":"http:\/\/globalnewsmexico.com\/sitio\/?p=65580"},"modified":"2021-06-09T20:22:41","modified_gmt":"2021-06-10T01:22:41","slug":"abren-convocatoria-para-becas-estatales-2021","status":"publish","type":"post","link":"https:\/\/globalnewsmexico.com\/sitio\/abren-convocatoria-para-becas-estatales-2021\/","title":{"rendered":"Abren convocatoria para Becas Estatales 2021"},"content":{"rendered":"\n<p>El Gobierno del Estado, a trav\u00e9s de la Secretar\u00eda de Educaci\u00f3n de Veracruz, abri\u00f3 la convocatoria de Becas Estatales 2021. Los interesados pueden registrarse&nbsp;en:&nbsp;<a href=\"https:\/\/sisbest.sev.gob.mx\/login_estatales\">https:\/\/sisbest.sev.gob.mx\/login_estatales<\/a>.<\/p>\n\n\n\n<p><a href=\"https:\/\/www.coatzacoalcos.gob.mx\/wp-content\/uploads\/2021\/06\/Convocatoria_Becas_2021_1.pdf\">Convocatoria_Becas_2021_(1)<\/a><\/p>\n\n\n\n<div class=\"wp-block-image\"><figure class=\"aligncenter\"><img decoding=\"async\" src=\"https:\/\/i1.wp.com\/www.coatzacoalcos.gob.mx\/wp-content\/uploads\/2021\/06\/Convocatoria_Becas_2021_compressed_page-0001.jpg?w=800&#038;ssl=1\" alt=\"Convocatoria Becas 2021 compressed page 0001\" class=\"wp-image-44801\" title=\"Convocatoria Becas 2021 compressed page 0001\" data-recalc-dims=\"1\"\/><\/figure><\/div>\n\n\n\n<div class=\"wp-block-image\"><figure class=\"aligncenter\"><img decoding=\"async\" src=\"https:\/\/i0.wp.com\/www.coatzacoalcos.gob.mx\/wp-content\/uploads\/2021\/06\/Convocatoria_Becas_2021_compressed_page-0002.jpg?w=800&#038;ssl=1\" alt=\"Convocatoria Becas 2021 compressed page 0002\" class=\"wp-image-44802\" title=\"Convocatoria Becas 2021 compressed page 0002\" data-recalc-dims=\"1\"\/><\/figure><\/div>\n\n\n\n<div class=\"wp-block-image\"><figure class=\"aligncenter\"><img decoding=\"async\" src=\"https:\/\/i1.wp.com\/www.coatzacoalcos.gob.mx\/wp-content\/uploads\/2021\/06\/Convocatoria_Becas_2021_compressed_page-0003.jpg?w=800&#038;ssl=1\" alt=\"Convocatoria Becas 2021 compressed page 0003\" class=\"wp-image-44803\" title=\"Convocatoria Becas 2021 compressed page 0003\" data-recalc-dims=\"1\"\/><\/figure><\/div>\n\n\n\n<div class=\"wp-block-image\"><figure class=\"aligncenter\"><img decoding=\"async\" src=\"https:\/\/i2.wp.com\/www.coatzacoalcos.gob.mx\/wp-content\/uploads\/2021\/06\/Convocatoria_Becas_2021_compressed_page-0004.jpg?w=800&#038;ssl=1\" alt=\"Convocatoria Becas 2021 compressed page 0004\" class=\"wp-image-44804\" title=\"Convocatoria Becas 2021 compressed page 0004\" data-recalc-dims=\"1\"\/><\/figure><\/div>\n\n\n\n<div class=\"wp-block-image\"><figure class=\"aligncenter\"><img decoding=\"async\" src=\"https:\/\/i2.wp.com\/www.coatzacoalcos.gob.mx\/wp-content\/uploads\/2021\/06\/Convocatoria_Becas_2021_compressed_page-0005.jpg?w=800&#038;ssl=1\" alt=\"Convocatoria Becas 2021 compressed page 0005\" class=\"wp-image-44805\" title=\"Convocatoria Becas 2021 compressed page 0005\" data-recalc-dims=\"1\"\/><\/figure><\/div>\n\n\n\n<p><\/p>\n","protected":false},"excerpt":{"rendered":"<p>El Gobierno del Estado, a trav\u00e9s de la Secretar\u00eda de Educaci\u00f3n de Veracruz, abri\u00f3 la convocatoria de Becas Estatales 2021. Los interesados pueden registrarse&nbsp;en:&nbsp;https:\/\/sisbest.sev.gob.mx\/login_estatales. Convocatoria_Becas_2021_(1)<\/p>\n","protected":false},"author":5,"featured_media":65583,"comment_status":"closed","ping_status":"open","sticky":false,"template":"","format":"standard","meta":{"spay_email":"","footnotes":""},"categories":[37,8,50,52],"tags":[],"jetpack_featured_media_url":"https:\/\/i2.wp.com\/globalnewsmexico.com\/sitio\/wp-content\/uploads\/2021\/06\/BECAS-ESTATALES-scaled.jpg?fit=2560%2C1708&ssl=1","jetpack_sharing_enabled":true,"jetpack_shortlink":"https:\/\/wp.me\/p9yqPL-h3K","jetpack_likes_enabled":true,"_links":{"self":[{"href":"https:\/\/globalnewsmexico.com\/sitio\/wp-json\/wp\/v2\/posts\/65580"}],"collection":[{"href":"https:\/\/globalnewsmexico.com\/sitio\/wp-json\/wp\/v2\/posts"}],"about":[{"href":"https:\/\/globalnewsmexico.com\/sitio\/wp-json\/wp\/v2\/types\/post"}],"author":[{"embeddable":true,"href":"https:\/\/globalnewsmexico.com\/sitio\/wp-json\/wp\/v2\/users\/5"}],"replies":[{"embeddable":true,"href":"https:\/\/globalnewsmexico.com\/sitio\/wp-json\/wp\/v2\/comments?post=65580"}],"version-history":[{"count":0,"href":"https:\/\/globalnewsmexico.com\/sitio\/wp-json\/wp\/v2\/posts\/65580\/revisions"}],"wp:featuredmedia":[{"embeddable":true,"href":"https:\/\/globalnewsmexico.com\/sitio\/wp-json\/wp\/v2\/media\/65583"}],"wp:attachment":[{"href":"https:\/\/globalnewsmexico.com\/sitio\/wp-json\/wp\/v2\/media?parent=65580"}],"wp:term":[{"taxonomy":"category","embeddable":true,"href":"https:\/\/globalnewsmexico.com\/sitio\/wp-json\/wp\/v2\/categories?post=65580"},{"taxonomy":"post_tag","embeddable":true,"href":"https:\/\/globalnewsmexico.com\/sitio\/wp-json\/wp\/v2\/tags?post=65580"}],"curies":[{"name":"wp","href":"https:\/\/api.w.org\/{rel}","templated":true}]}}