{"id":65615,"date":"2021-06-11T14:07:59","date_gmt":"2021-06-11T19:07:59","guid":{"rendered":"http:\/\/globalnewsmexico.com\/sitio\/?p=65615"},"modified":"2021-06-11T14:08:02","modified_gmt":"2021-06-11T19:08:02","slug":"felix-salgado-macedonio-presume-foto-con-amlo","status":"publish","type":"post","link":"https:\/\/globalnewsmexico.com\/sitio\/felix-salgado-macedonio-presume-foto-con-amlo\/","title":{"rendered":"F\u00e9lix Salgado Macedonio presume foto con AMLO"},"content":{"rendered":"\n<p>El ex candidato al gobierno de Guerrero,\u00a0F\u00e9lix Salgado Macedonio\u00a0presumi\u00f3 una foto con el presidente Andr\u00e9s Manuel L\u00f3pez Obrador (AMLO).<\/p>\n\n\n\n<p>Desde redes sociales,\u00a0F\u00e9lix Salgado Macedonio\u00a0asegur\u00f3 que tuvo el privilegio de saludar a\u00a0AMLO\u00a0durante su gira de trabajo por Guerrero y lo\u00a0calific\u00f3 como \u201cel mejor presidente del mundo\u201d.<\/p>\n\n\n\n<p>Adem\u00e1s, afirm\u00f3 que\u00a0AMLO\u00a0regal\u00f3 una sonrisa para el pueblo de Guerrero, entidad en la que reanuda sus giras de trabajo tras las elecciones del 6 de junio.<\/p>\n\n\n\n<p>\u201cEn su gira de trabajo tuve el privilegio de saludar al mejor presidente del mundo, Andr\u00e9s Manuel L\u00f3pez Obrador, quien como siempre nos regal\u00f3 una sonrisa para el pueblo de Guerrero\u201dF\u00c9LIX SALGADO MACEDONIO<\/p>\n\n\n\n<h4 class=\"wp-block-heading\">F\u00e9lix Salgado Macedonio fue a recibir a AMLO al aeropuerto&#8230; pero sali\u00f3 por otra puerta<\/h4>\n\n\n\n<p>F\u00e9lix Salgado Macedonio\u00a0acudi\u00f3 al Aeropuerto de Acapulco\u00a0en compa\u00f1\u00eda de su hija Estrella Salgado\u00a0para recibir\u00a0a\u00a0AMLO, sin embargo, el presidente sali\u00f3 por otra puerta.<\/p>\n\n\n\n<p>Luego de que Estrella Salgado preguntara por el vuelo de\u00a0AMLO,\u00a0F\u00e9lix Salgado Macedonio\u00a0sali\u00f3 en compa\u00f1\u00eda de su hija para alcanzar al presidente.<\/p>\n\n\n\n<h4 class=\"wp-block-heading\">Evelyn Salgado podr\u00eda ser gobernadora de Guerrero<\/h4>\n\n\n\n<p>Luego de las elecciones del 6 de junio, la hija de F\u00e9lix Salgado Macedonio,\u00a0Evelyn Salgado,\u00a0podr\u00eda ser la pr\u00f3xima gobernadora de Guerrero.<\/p>\n\n\n\n<p>De acuerdo con el PREP, la hija de\u00a0F\u00e9lix Salgado Macedoniotiene el 46.34% de las preferencias electorales\u00a0en Guerrero, sin embargo, solo se computaron el 38.44% de las actas.<\/p>\n\n\n\n<p>Los c\u00f3mputos distritales se llevar\u00e1n a cabo&nbsp;el 13 de junio&nbsp;por el Consejo General del IEPC de Guerrero, donde&nbsp;se dar\u00e1n a conocer los resultados de las elecciones.<\/p>\n\n\n\n<p>Evelyn Salgado\u00a0asegur\u00f3 que, de ganar las elecciones,\u00a0ser\u00e1 ella qui\u00e9n gobierne Guerrero\u00a0y no su pap\u00e1,\u00a0F\u00e9lix Salgado Macedonio.<\/p>\n\n\n\n<h4 class=\"wp-block-heading\">AMLO reanuda giras de trabajo por M\u00e9xico<\/h4>\n\n\n\n<p>AMLO reanud\u00f3 sus giras de trabajo\u00a0por la Rep\u00fablica Mexicana luego de tener que suspenderlas en abril por la veda electoral.<\/p>\n\n\n\n<p>El presidente\u00a0AMLO\u00a0visitar\u00e1 Guerrero y Oaxaca para\u00a0supervisar los Programas Integrales de Bienestar\u00a0en los estados.<\/p>\n\n\n\n<p>AMLO\u00a0lleg\u00f3 al Aeropuerto de Acapulco Guerrero para trasladarse en auto a Cruz Grande. Luego partir\u00e1 a Pinotepa Nacional, Oaxaca, donde se espera que llegue a las 4 de la tarde.<\/p>\n\n\n\n<p>Su gira continuar\u00e1 el fin de semana por Oaxaca donde\u00a0supervisar\u00e1 la construcci\u00f3n de caminos\u00a0en San Vicente Coatl\u00e1n y en Santo Domingo Tepuxtepec, en Oaxaca.<\/p>\n\n\n\n<p>Fuente:SDP Noticias<\/p>\n\n\n\n<p><\/p>\n","protected":false},"excerpt":{"rendered":"<p>El ex candidato al gobierno de Guerrero,\u00a0F\u00e9lix Salgado Macedonio\u00a0presumi\u00f3 una foto con el presidente Andr\u00e9s Manuel L\u00f3pez Obrador (AMLO). Desde redes sociales,\u00a0F\u00e9lix Salgado Macedonio\u00a0asegur\u00f3 que tuvo el privilegio de saludar a\u00a0AMLO\u00a0durante su gira de trabajo por Guerrero y lo\u00a0calific\u00f3 como \u201cel mejor presidente del mundo\u201d. Adem\u00e1s, afirm\u00f3 que\u00a0AMLO\u00a0regal\u00f3 una sonrisa para el pueblo de Guerrero,<a class=\"read-more\" href=\"https:\/\/globalnewsmexico.com\/sitio\/felix-salgado-macedonio-presume-foto-con-amlo\/\">Leer m\u00e1s<\/a><\/p>\n","protected":false},"author":5,"featured_media":65616,"comment_status":"closed","ping_status":"open","sticky":false,"template":"","format":"standard","meta":{"spay_email":"","footnotes":""},"categories":[37,8,42,52],"tags":[],"jetpack_featured_media_url":"https:\/\/i1.wp.com\/globalnewsmexico.com\/sitio\/wp-content\/uploads\/2021\/06\/11-de-junio-4.jpg?fit=1040%2C585&ssl=1","jetpack_sharing_enabled":true,"jetpack_shortlink":"https:\/\/wp.me\/p9yqPL-h4j","jetpack_likes_enabled":true,"_links":{"self":[{"href":"https:\/\/globalnewsmexico.com\/sitio\/wp-json\/wp\/v2\/posts\/65615"}],"collection":[{"href":"https:\/\/globalnewsmexico.com\/sitio\/wp-json\/wp\/v2\/posts"}],"about":[{"href":"https:\/\/globalnewsmexico.com\/sitio\/wp-json\/wp\/v2\/types\/post"}],"author":[{"embeddable":true,"href":"https:\/\/globalnewsmexico.com\/sitio\/wp-json\/wp\/v2\/users\/5"}],"replies":[{"embeddable":true,"href":"https:\/\/globalnewsmexico.com\/sitio\/wp-json\/wp\/v2\/comments?post=65615"}],"version-history":[{"count":0,"href":"https:\/\/globalnewsmexico.com\/sitio\/wp-json\/wp\/v2\/posts\/65615\/revisions"}],"wp:featuredmedia":[{"embeddable":true,"href":"https:\/\/globalnewsmexico.com\/sitio\/wp-json\/wp\/v2\/media\/65616"}],"wp:attachment":[{"href":"https:\/\/globalnewsmexico.com\/sitio\/wp-json\/wp\/v2\/media?parent=65615"}],"wp:term":[{"taxonomy":"category","embeddable":true,"href":"https:\/\/globalnewsmexico.com\/sitio\/wp-json\/wp\/v2\/categories?post=65615"},{"taxonomy":"post_tag","embeddable":true,"href":"https:\/\/globalnewsmexico.com\/sitio\/wp-json\/wp\/v2\/tags?post=65615"}],"curies":[{"name":"wp","href":"https:\/\/api.w.org\/{rel}","templated":true}]}}