{"id":65698,"date":"2021-06-24T15:50:49","date_gmt":"2021-06-24T20:50:49","guid":{"rendered":"http:\/\/globalnewsmexico.com\/sitio\/?p=65698"},"modified":"2021-06-24T15:50:52","modified_gmt":"2021-06-24T20:50:52","slug":"a-comisiones-iniciativas-presentadas-por-el-poder-judicial","status":"publish","type":"post","link":"https:\/\/globalnewsmexico.com\/sitio\/a-comisiones-iniciativas-presentadas-por-el-poder-judicial\/","title":{"rendered":"A comisiones, iniciativas presentadas por el Poder Judicial"},"content":{"rendered":"\n<p>Se especifica la constituci\u00f3n del Patrimonio del Centro Estatal y las funciones de la Coordinaci\u00f3n de Archivo General del Consejo de la Judicatura.<\/p>\n\n\n\n<p>La Mesa Directiva del Congreso del Estado turn\u00f3 a comisiones dos iniciativas presentadas por la Presidenta del Tribunal Superior de Justicia y del Consejo de la Judicatura del Poder Judicial del Estado de Veracruz, en las que se especifica la constituci\u00f3n del Patrimonio del Centro Estatal y las funciones de la Coordinaci\u00f3n de Archivo General del Consejo de la Judicatura.<\/p>\n\n\n\n<p>En primer t\u00e9rmino, a las comisiones permanentes unidas de Justicia y Puntos Constitucionales y de Trabajo y Previsi\u00f3n Social fue remitida la Iniciativa con Proyecto de Decreto que reforma y adiciona la Ley de Medios Alternativos para la Soluci\u00f3n de Conflictos del Estado de Veracruz de Ignacio de la Llave.<\/p>\n\n\n\n<p>La reforma a la fracci\u00f3n II del Art\u00edculo 6 establece que los medios alternativos se aplicar\u00e1n tambi\u00e9n en materia laboral, \u00fanicamente en aquellos conflictos laborales en los que el Tribunal de Conciliaci\u00f3n y Arbitraje del Estado tenga competencia.<\/p>\n\n\n\n<p>De acuerdo con la reforma a la fracci\u00f3n IV, el \u00d3rgano de Gobierno estar\u00e1 integrado por un magistrado o magistrada integrante del Consejo de la Judicatura del Poder Judicial del Estado, designado por quien presida el Tribunal Superior de Justicia del Poder Judicial del Estado.<\/p>\n\n\n\n<p>Por lo que hace al cap\u00edtulo IX, Del Patrimonio del Centro Estatal, y al art\u00edculo 44, como adici\u00f3n a dicho ordenamiento, se detalla su constituci\u00f3n, percepciones, subsidios, apoyos, transferencias, donaciones, herencias, legados y asignaciones de los gobiernos federal, estatal o municipal y de los sectores p\u00fablico, social y privado, conforme a lo establecido en la ley.<\/p>\n\n\n\n<p>En segundo t\u00e9rmino, se turn\u00f3 a la Comisi\u00f3n Permanente de Justicia y Puntos Constitucionales la Iniciativa con proyecto de Decreto de reforma y adici\u00f3n a la Ley Org\u00e1nica del Poder Judicial del Estado de Veracruz de Ignacio de la Llave, en la que se modifica a la estructura del Consejo de la Judicatura del Poder Judicial, en el apartado de \u00f3rganos administrativos, espec\u00edficamente en la Coordinaci\u00f3n de Archivo General.<\/p>\n\n\n\n<p>Fuente:Redacci\u00f3n<\/p>\n\n\n\n<p><\/p>\n","protected":false},"excerpt":{"rendered":"<p>Se especifica la constituci\u00f3n del Patrimonio del Centro Estatal y las funciones de la Coordinaci\u00f3n de Archivo General del Consejo de la Judicatura. La Mesa Directiva del Congreso del Estado turn\u00f3 a comisiones dos iniciativas presentadas por la Presidenta del Tribunal Superior de Justicia y del Consejo de la Judicatura del Poder Judicial del Estado<a class=\"read-more\" href=\"https:\/\/globalnewsmexico.com\/sitio\/a-comisiones-iniciativas-presentadas-por-el-poder-judicial\/\">Leer m\u00e1s<\/a><\/p>\n","protected":false},"author":5,"featured_media":65699,"comment_status":"closed","ping_status":"open","sticky":false,"template":"","format":"standard","meta":{"spay_email":"","footnotes":""},"categories":[37,8,42,52],"tags":[],"jetpack_featured_media_url":"https:\/\/i2.wp.com\/globalnewsmexico.com\/sitio\/wp-content\/uploads\/2021\/06\/24-de-junio-1.jpg?fit=1024%2C683&ssl=1","jetpack_sharing_enabled":true,"jetpack_shortlink":"https:\/\/wp.me\/p9yqPL-h5E","jetpack_likes_enabled":true,"_links":{"self":[{"href":"https:\/\/globalnewsmexico.com\/sitio\/wp-json\/wp\/v2\/posts\/65698"}],"collection":[{"href":"https:\/\/globalnewsmexico.com\/sitio\/wp-json\/wp\/v2\/posts"}],"about":[{"href":"https:\/\/globalnewsmexico.com\/sitio\/wp-json\/wp\/v2\/types\/post"}],"author":[{"embeddable":true,"href":"https:\/\/globalnewsmexico.com\/sitio\/wp-json\/wp\/v2\/users\/5"}],"replies":[{"embeddable":true,"href":"https:\/\/globalnewsmexico.com\/sitio\/wp-json\/wp\/v2\/comments?post=65698"}],"version-history":[{"count":0,"href":"https:\/\/globalnewsmexico.com\/sitio\/wp-json\/wp\/v2\/posts\/65698\/revisions"}],"wp:featuredmedia":[{"embeddable":true,"href":"https:\/\/globalnewsmexico.com\/sitio\/wp-json\/wp\/v2\/media\/65699"}],"wp:attachment":[{"href":"https:\/\/globalnewsmexico.com\/sitio\/wp-json\/wp\/v2\/media?parent=65698"}],"wp:term":[{"taxonomy":"category","embeddable":true,"href":"https:\/\/globalnewsmexico.com\/sitio\/wp-json\/wp\/v2\/categories?post=65698"},{"taxonomy":"post_tag","embeddable":true,"href":"https:\/\/globalnewsmexico.com\/sitio\/wp-json\/wp\/v2\/tags?post=65698"}],"curies":[{"name":"wp","href":"https:\/\/api.w.org\/{rel}","templated":true}]}}