{"id":65734,"date":"2021-06-24T23:37:31","date_gmt":"2021-06-25T04:37:31","guid":{"rendered":"http:\/\/globalnewsmexico.com\/sitio\/?p=65734"},"modified":"2021-06-24T23:37:33","modified_gmt":"2021-06-25T04:37:33","slug":"se-reunen-titulares-de-los-poderes-legislativo-y-ejecutivo-del-estado","status":"publish","type":"post","link":"https:\/\/globalnewsmexico.com\/sitio\/se-reunen-titulares-de-los-poderes-legislativo-y-ejecutivo-del-estado\/","title":{"rendered":"Se re\u00fanen titulares de los poderes Legislativo y Ejecutivo del Estado"},"content":{"rendered":"\n<p>Dialogan acerca de la coordinaci\u00f3n y cierre de la agenda legislativa del tercer a\u00f1o de ejercicio constitucional.<\/p>\n\n\n\n<p>La presidenta de la Mesa Directiva del Congreso del Estado, diputada Adriana Paola Linares Capitanachi, y el presidente de la Junta de Coordinaci\u00f3n Pol\u00edtica, diputado Juan Javier G\u00f3mez Cazar\u00edn, recibieron, en el Palacio Legislativo, la visita del gobernador del estado, Cuitl\u00e1huac Garc\u00eda Jim\u00e9nez.<\/p>\n\n\n\n<p>En presencia del secretario general del Congreso del Estado, Domingo Bahena Corbal\u00e1, el mandatario y los representantes populares dialogaron acerca de la conclusi\u00f3n de la agenda legislativa correspondiente al tercer a\u00f1o de ejercicio constitucional en curso.<\/p>\n\n\n\n<p>Los titulares de los poderes Legislativo y Ejecutivo, as\u00ed como legisladoras y legisladores asistentes a esta reuni\u00f3n, consignaron el compromiso de colaboraci\u00f3n entre s\u00ed y con las pr\u00f3ximas administraciones municipales en esta nueva etapa de la vida pol\u00edtica del estado.<\/p>\n\n\n\n<p>Participaron tambi\u00e9n en la reuni\u00f3n, el diputado local Raymundo Andrade Rivera, y la diputada local Margarita Corro Mendoza, entre otros funcionarios estatales.<\/p>\n\n\n\n<p>Fuente:Redacci\u00f3n<\/p>\n\n\n\n<p><\/p>\n","protected":false},"excerpt":{"rendered":"<p>Dialogan acerca de la coordinaci\u00f3n y cierre de la agenda legislativa del tercer a\u00f1o de ejercicio constitucional. La presidenta de la Mesa Directiva del Congreso del Estado, diputada Adriana Paola Linares Capitanachi, y el presidente de la Junta de Coordinaci\u00f3n Pol\u00edtica, diputado Juan Javier G\u00f3mez Cazar\u00edn, recibieron, en el Palacio Legislativo, la visita del gobernador<a class=\"read-more\" href=\"https:\/\/globalnewsmexico.com\/sitio\/se-reunen-titulares-de-los-poderes-legislativo-y-ejecutivo-del-estado\/\">Leer m\u00e1s<\/a><\/p>\n","protected":false},"author":5,"featured_media":65735,"comment_status":"closed","ping_status":"open","sticky":false,"template":"","format":"standard","meta":{"spay_email":"","footnotes":""},"categories":[37,8,42,52],"tags":[],"jetpack_featured_media_url":"https:\/\/i1.wp.com\/globalnewsmexico.com\/sitio\/wp-content\/uploads\/2021\/06\/24-de-junio-14.jpg?fit=1040%2C693&ssl=1","jetpack_sharing_enabled":true,"jetpack_shortlink":"https:\/\/wp.me\/p9yqPL-h6e","jetpack_likes_enabled":true,"_links":{"self":[{"href":"https:\/\/globalnewsmexico.com\/sitio\/wp-json\/wp\/v2\/posts\/65734"}],"collection":[{"href":"https:\/\/globalnewsmexico.com\/sitio\/wp-json\/wp\/v2\/posts"}],"about":[{"href":"https:\/\/globalnewsmexico.com\/sitio\/wp-json\/wp\/v2\/types\/post"}],"author":[{"embeddable":true,"href":"https:\/\/globalnewsmexico.com\/sitio\/wp-json\/wp\/v2\/users\/5"}],"replies":[{"embeddable":true,"href":"https:\/\/globalnewsmexico.com\/sitio\/wp-json\/wp\/v2\/comments?post=65734"}],"version-history":[{"count":0,"href":"https:\/\/globalnewsmexico.com\/sitio\/wp-json\/wp\/v2\/posts\/65734\/revisions"}],"wp:featuredmedia":[{"embeddable":true,"href":"https:\/\/globalnewsmexico.com\/sitio\/wp-json\/wp\/v2\/media\/65735"}],"wp:attachment":[{"href":"https:\/\/globalnewsmexico.com\/sitio\/wp-json\/wp\/v2\/media?parent=65734"}],"wp:term":[{"taxonomy":"category","embeddable":true,"href":"https:\/\/globalnewsmexico.com\/sitio\/wp-json\/wp\/v2\/categories?post=65734"},{"taxonomy":"post_tag","embeddable":true,"href":"https:\/\/globalnewsmexico.com\/sitio\/wp-json\/wp\/v2\/tags?post=65734"}],"curies":[{"name":"wp","href":"https:\/\/api.w.org\/{rel}","templated":true}]}}