{"id":65762,"date":"2021-06-29T21:13:47","date_gmt":"2021-06-30T02:13:47","guid":{"rendered":"http:\/\/globalnewsmexico.com\/sitio\/?p=65762"},"modified":"2021-06-29T21:13:51","modified_gmt":"2021-06-30T02:13:51","slug":"llama-legisladora-a-atender-salud-mental-de-ninas-ninos-y-adolescentes","status":"publish","type":"post","link":"https:\/\/globalnewsmexico.com\/sitio\/llama-legisladora-a-atender-salud-mental-de-ninas-ninos-y-adolescentes\/","title":{"rendered":"Llama legisladora a atender salud mental de ni\u00f1as, ni\u00f1os y adolescentes"},"content":{"rendered":"\n<p>Que se reconozca como derecho expl\u00edcito en la legislaci\u00f3n estatal, propone diputada Ivonne Trujillo Ortiz.<\/p>\n\n\n\n<p>Incorporar el derecho a la salud mental de ni\u00f1as, ni\u00f1os y adolescentes en las pol\u00edticas educativas estatales, propuso la diputada Ivonne Trujillo Ortiz e hizo un llamado a dar cumplimiento al inter\u00e9s superior del ni\u00f1o atendiendo su integridad y bienestar como prioridad y en el entorno inmediato.<\/p>\n\n\n\n<p>En la Tercera Sesi\u00f3n Ordinaria del Segundo Per\u00edodo de Sesiones Ordinarias del Tercer A\u00f1o de Ejercicio Constitucional, la legisladora present\u00f3 una Iniciativa con Proyecto de Decreto por el cual se reforman y adicionan diversas disposiciones de las leyes De los Derechos de Ni\u00f1as, Ni\u00f1os y Adolescentes, De Salud y De Educaci\u00f3n, todas para el estado de Veracruz de Ignacio de la Llave.<\/p>\n\n\n\n<p>Desde la tribuna, refiri\u00f3 que, hasta 2017, el Instituto Nacional de Estad\u00edstica y Geograf\u00eda (Inegi) ten\u00eda contabilizados 432 mil 477 menores de entre siete y 14 a\u00f1os y m\u00e1s de un mill\u00f3n de personas de entre 15 y 18 a\u00f1os con sentimientos de depresi\u00f3n semanal. En el caso de estudiantes de escuelas p\u00fablicas \u2013ampli\u00f3-, hay potencialmente un mill\u00f3n y medio de menores susceptibles de ser atendidos por salud mental en sus centros escolares.<\/p>\n\n\n\n<p>A esto a\u00f1adi\u00f3 la crisis de salud mental infantil a causa de la pandemia por Covid-19, que ha afectado a millones de padres, madres, docentes, ni\u00f1os y adolescentes en M\u00e9xico. Cit\u00f3 lo publicado por el Instituto Nacional de Psiquiatr\u00eda \u201cDr. Ram\u00f3n de la Fuente Mu\u00f1iz\u201d, que catalog\u00f3 al confinamiento como una situaci\u00f3n de estr\u00e9s alto.<\/p>\n\n\n\n<p>Tambi\u00e9n aludi\u00f3 a la investigadora del Hospital Infantil de M\u00e9xico, Gina Chapa Koloffon, quien se\u00f1al\u00f3 que la no convivencia entre ni\u00f1os les dificulta aprender a socializar y compartir y entorpece el desarrollo de habilidades de lenguaje, motrices y recreativas, a lo que agreg\u00f3 como factor negativo el cambio en la rutina.<\/p>\n\n\n\n<p>Entre los objetivos del cuidado de la salud mental en las y los menores Ivonne Trujillo mencion\u00f3: minimizar los problemas psicol\u00f3gicos, mejorar el desarrollo psicosocial y emocional, identificar problemas y coordinar y canalizar a los servicios de salud m\u00e1s especializados para iniciar un tratamiento si es necesario.<\/p>\n\n\n\n<p>Para tal efecto, plante\u00f3 que se proporcione atenci\u00f3n y terapia psicol\u00f3gica breve en el plantel a las y los alumnos de educaci\u00f3n b\u00e1sica y media-superior, con problemas familiares, de comportamiento, deserci\u00f3n o extra edad o, en su defecto, a sus familias, y se les canalice a la instancia pertinente.<\/p>\n\n\n\n<p>En el mismo sentido, adicion\u00f3 la Diputada, las autoridades educativas y de salud, en el \u00e1mbito de su competencia, podr\u00e1n coordinarse con el fin de establecer los mecanismos de implementaci\u00f3n de los servicios de atenci\u00f3n psicol\u00f3gica breve.<\/p>\n\n\n\n<p>Con la adhesi\u00f3n de las diputadas M\u00f3nica Robles Barajas y Libni Adaelsi S\u00e1nchez N\u00fa\u00f1ez y de los grupos legislativos mixtos PRI-PVEM y MC-PRD-DSP, esta iniciativa fue turnada, para su estudio y, en su caso, dictaminaci\u00f3n, a las comisiones permanentes unidas de Derechos de la Ni\u00f1ez, de Salud y Asistencia y de Educaci\u00f3n y Cultura.<\/p>\n\n\n\n<p>Fuente: Redacci\u00f3n<\/p>\n\n\n\n<p><\/p>\n","protected":false},"excerpt":{"rendered":"<p>Que se reconozca como derecho expl\u00edcito en la legislaci\u00f3n estatal, propone diputada Ivonne Trujillo Ortiz. Incorporar el derecho a la salud mental de ni\u00f1as, ni\u00f1os y adolescentes en las pol\u00edticas educativas estatales, propuso la diputada Ivonne Trujillo Ortiz e hizo un llamado a dar cumplimiento al inter\u00e9s superior del ni\u00f1o atendiendo su integridad y bienestar<a class=\"read-more\" href=\"https:\/\/globalnewsmexico.com\/sitio\/llama-legisladora-a-atender-salud-mental-de-ninas-ninos-y-adolescentes\/\">Leer m\u00e1s<\/a><\/p>\n","protected":false},"author":5,"featured_media":65763,"comment_status":"closed","ping_status":"open","sticky":false,"template":"","format":"standard","meta":{"spay_email":"","footnotes":""},"categories":[37,8,42,52],"tags":[],"jetpack_featured_media_url":"https:\/\/i1.wp.com\/globalnewsmexico.com\/sitio\/wp-content\/uploads\/2021\/06\/29-de-junio-7.jpg?fit=1040%2C693&ssl=1","jetpack_sharing_enabled":true,"jetpack_shortlink":"https:\/\/wp.me\/p9yqPL-h6G","jetpack_likes_enabled":true,"_links":{"self":[{"href":"https:\/\/globalnewsmexico.com\/sitio\/wp-json\/wp\/v2\/posts\/65762"}],"collection":[{"href":"https:\/\/globalnewsmexico.com\/sitio\/wp-json\/wp\/v2\/posts"}],"about":[{"href":"https:\/\/globalnewsmexico.com\/sitio\/wp-json\/wp\/v2\/types\/post"}],"author":[{"embeddable":true,"href":"https:\/\/globalnewsmexico.com\/sitio\/wp-json\/wp\/v2\/users\/5"}],"replies":[{"embeddable":true,"href":"https:\/\/globalnewsmexico.com\/sitio\/wp-json\/wp\/v2\/comments?post=65762"}],"version-history":[{"count":0,"href":"https:\/\/globalnewsmexico.com\/sitio\/wp-json\/wp\/v2\/posts\/65762\/revisions"}],"wp:featuredmedia":[{"embeddable":true,"href":"https:\/\/globalnewsmexico.com\/sitio\/wp-json\/wp\/v2\/media\/65763"}],"wp:attachment":[{"href":"https:\/\/globalnewsmexico.com\/sitio\/wp-json\/wp\/v2\/media?parent=65762"}],"wp:term":[{"taxonomy":"category","embeddable":true,"href":"https:\/\/globalnewsmexico.com\/sitio\/wp-json\/wp\/v2\/categories?post=65762"},{"taxonomy":"post_tag","embeddable":true,"href":"https:\/\/globalnewsmexico.com\/sitio\/wp-json\/wp\/v2\/tags?post=65762"}],"curies":[{"name":"wp","href":"https:\/\/api.w.org\/{rel}","templated":true}]}}