{"id":65772,"date":"2021-06-29T21:47:32","date_gmt":"2021-06-30T02:47:32","guid":{"rendered":"http:\/\/globalnewsmexico.com\/sitio\/?p=65772"},"modified":"2021-06-29T21:47:36","modified_gmt":"2021-06-30T02:47:36","slug":"en-el-congreso-inscribirian-con-letras-de-oro-reconocimiento-a-la-armada-de-mexico","status":"publish","type":"post","link":"https:\/\/globalnewsmexico.com\/sitio\/en-el-congreso-inscribirian-con-letras-de-oro-reconocimiento-a-la-armada-de-mexico\/","title":{"rendered":"En el Congreso, inscribir\u00edan con letras de oro reconocimiento a la Armada de M\u00e9xico"},"content":{"rendered":"\n<p>Armada de M\u00e9xico, defensora de la Soberan\u00eda, humana durante contingencias por desastres naturales, y f\u00e9rrea luchadora contra la corrupci\u00f3n y crimen organizado.<\/p>\n\n\n\n<p>Como un reconocimiento y gratitud a la Armada de M\u00e9xico, el diputado Jos\u00e9 Manuel Pozos Castro present\u00f3 ante el Pleno de la LXV Legislatura, una iniciativa a trav\u00e9s de la cual propone inscribir, con letras de oro, en el muro de honor del Recinto Oficial de Sesiones del Honorable Congreso del Estado de Veracruz, la leyenda: \u201c2021 Bicentenario de la Creaci\u00f3n de la Armada de M\u00e9xico\u201d.<\/p>\n\n\n\n<p>En la exposici\u00f3n de motivos de su iniciativa, el legislador indic\u00f3 que es de suma importancia que el Congreso estatal, como casa del Pueblo de Veracruz, se sume a los festejos que a nivel nacional, se prev\u00e9n el pr\u00f3ximo 4 de octubre, con motivo del Bicentenario de la creaci\u00f3n de la Armada de M\u00e9xico.<\/p>\n\n\n\n<p>Detall\u00f3 la grandeza hist\u00f3rica con la que la Armada de M\u00e9xico ha contribuido a la construcci\u00f3n de la naci\u00f3n por medio de su valent\u00eda y amor a patria; lo que trae como consecuencia que la sociedad actual replique sus conductas con las armas de la honestidad, unidad, solidaridad, igualdad y justicia, \u201ces el mejor legado que nos ha concedido nuestra querida Armada de M\u00e9xico para el pueblo\u201d, se\u00f1al\u00f3.<\/p>\n\n\n\n<p>En este sentido, a\u00f1adi\u00f3 que la Armada, adem\u00e1s de ser una defensora de la Soberan\u00eda Nacional, se ha distinguido por su invaluable participaci\u00f3n e intervenci\u00f3n durante contingencias en desastres naturales, siendo una instituci\u00f3n que inspira admiraci\u00f3n, confianza y respeto entre la poblaci\u00f3n mexicana.<\/p>\n\n\n\n<p>\u201cEn estos tiempos de transformaci\u00f3n, podemos tener certeza de que contamos con una Armada de M\u00e9xico dispuesta a cerrar el paso a la corrupci\u00f3n y al crimen organizado, mediante la planeaci\u00f3n y estrategias impulsadas desde la Federaci\u00f3n\u201d, puntualiz\u00f3.<\/p>\n\n\n\n<p>\u201cPor lo que es de destacarse su la valiosa colaboraci\u00f3n con el Gobierno del Estado en las Mesas de Coordinaci\u00f3n para la Construcci\u00f3n de la Paz, donde se han obtenido grandes resultados positivos en materia de seguridad\u201d, finaliz\u00f3.<\/p>\n\n\n\n<p>Al t\u00e9rmino de la lectura en Tribuna, la Mesa Directiva instruy\u00f3 remitir la iniciativa a la Comisi\u00f3n Permanente de Gobernaci\u00f3n, para el tr\u00e1mite conducente.<\/p>\n\n\n\n<p>A esta propuesta se adhirieron los integrantes de los Grupos Legislativos de Morena, PAN, PRI-PVEM y MC-PRD-DSP, as\u00ed como, a t\u00edtulo personal, los diputados Rub\u00e9n R\u00edos Uribe y Florencia Mart\u00ednez Rivera.<\/p>\n\n\n\n<p>Fuente: Redacci\u00f3n<\/p>\n\n\n\n<p><\/p>\n","protected":false},"excerpt":{"rendered":"<p>Armada de M\u00e9xico, defensora de la Soberan\u00eda, humana durante contingencias por desastres naturales, y f\u00e9rrea luchadora contra la corrupci\u00f3n y crimen organizado. Como un reconocimiento y gratitud a la Armada de M\u00e9xico, el diputado Jos\u00e9 Manuel Pozos Castro present\u00f3 ante el Pleno de la LXV Legislatura, una iniciativa a trav\u00e9s de la cual propone inscribir,<a class=\"read-more\" href=\"https:\/\/globalnewsmexico.com\/sitio\/en-el-congreso-inscribirian-con-letras-de-oro-reconocimiento-a-la-armada-de-mexico\/\">Leer m\u00e1s<\/a><\/p>\n","protected":false},"author":5,"featured_media":65773,"comment_status":"closed","ping_status":"open","sticky":false,"template":"","format":"standard","meta":{"spay_email":"","footnotes":""},"categories":[37,8,42,52],"tags":[],"jetpack_featured_media_url":"https:\/\/i2.wp.com\/globalnewsmexico.com\/sitio\/wp-content\/uploads\/2021\/06\/29-de-junio-12.jpg?fit=1024%2C683&ssl=1","jetpack_sharing_enabled":true,"jetpack_shortlink":"https:\/\/wp.me\/p9yqPL-h6Q","jetpack_likes_enabled":true,"_links":{"self":[{"href":"https:\/\/globalnewsmexico.com\/sitio\/wp-json\/wp\/v2\/posts\/65772"}],"collection":[{"href":"https:\/\/globalnewsmexico.com\/sitio\/wp-json\/wp\/v2\/posts"}],"about":[{"href":"https:\/\/globalnewsmexico.com\/sitio\/wp-json\/wp\/v2\/types\/post"}],"author":[{"embeddable":true,"href":"https:\/\/globalnewsmexico.com\/sitio\/wp-json\/wp\/v2\/users\/5"}],"replies":[{"embeddable":true,"href":"https:\/\/globalnewsmexico.com\/sitio\/wp-json\/wp\/v2\/comments?post=65772"}],"version-history":[{"count":0,"href":"https:\/\/globalnewsmexico.com\/sitio\/wp-json\/wp\/v2\/posts\/65772\/revisions"}],"wp:featuredmedia":[{"embeddable":true,"href":"https:\/\/globalnewsmexico.com\/sitio\/wp-json\/wp\/v2\/media\/65773"}],"wp:attachment":[{"href":"https:\/\/globalnewsmexico.com\/sitio\/wp-json\/wp\/v2\/media?parent=65772"}],"wp:term":[{"taxonomy":"category","embeddable":true,"href":"https:\/\/globalnewsmexico.com\/sitio\/wp-json\/wp\/v2\/categories?post=65772"},{"taxonomy":"post_tag","embeddable":true,"href":"https:\/\/globalnewsmexico.com\/sitio\/wp-json\/wp\/v2\/tags?post=65772"}],"curies":[{"name":"wp","href":"https:\/\/api.w.org\/{rel}","templated":true}]}}