{"id":65791,"date":"2021-07-06T23:29:09","date_gmt":"2021-07-07T04:29:09","guid":{"rendered":"http:\/\/globalnewsmexico.com\/sitio\/?p=65791"},"modified":"2021-07-06T23:29:12","modified_gmt":"2021-07-07T04:29:12","slug":"atendera-comedor-comunitario-zona-rural-en-todo-julio","status":"publish","type":"post","link":"https:\/\/globalnewsmexico.com\/sitio\/atendera-comedor-comunitario-zona-rural-en-todo-julio\/","title":{"rendered":"Atender\u00e1 Comedor Comunitario zona rural en todo julio"},"content":{"rendered":"\n<p>Durante todo este mes de julio, el Comedor Comunitario atender\u00e1 la zona rural de Coatzacoalcos para beneficiar a m\u00e1s trabajadores independientes y habitantes en situaci\u00f3n vulnerable, anunci\u00f3 Sandra Collins Coronel, directora de Programas Sociales.<\/p>\n\n\n\n<p>El llevar alimentos calientes a quienes m\u00e1s lo necesitan, es una tarea que el Gobierno Municipal se ha echado a cuestas desde hace m\u00e1s de 2 a\u00f1os, y se ha reforzado a ra\u00edz de la pandemia por el Covid-19, que golpe\u00f3 muchas \u00e1reas productivas.<\/p>\n\n\n\n<p>La directora de Programas Sociales inform\u00f3 que, por instrucciones del alcalde V\u00edctor Manuel Carranza Rosaldo, se reuni\u00f3 en marzo con los agentes y subagentes municipales para trasladar la ayuda humanitaria a los ejidos y congregaciones de la localidad.<\/p>\n\n\n\n<p>\u201cComenzamos a trabajar en los ejidos, pero se nos atraves\u00f3 el periodo electoral y se tuvo que suspender, pero ya reanudamos nuestro trabajo y ya se atendieron seis comunidades rurales, el pr\u00f3ximo jueves estaremos en el ejido La Esperanza y el viernes, en Manuel Almanza\u201d, puntualiz\u00f3 la funcionaria.<\/p>\n\n\n\n<p>Agreg\u00f3 que durante todo julio se atender\u00e1 la zona rural, en las jornadas que inician a la 13:00 y finalizan a las 15:00 horas, siempre cumpli\u00e9ndose con todos los protocolos sanitarios.<\/p>\n\n\n\n<p>Adem\u00e1s, se pide el uso obligatorio del cubrebocas, guardar la sana distancia y se aplica gel antibacterial a las personas que se forman para recibir sus viandas con alimentos calientes, una bebida. Algunas veces se les dona pan dulce y en otras ocasiones fruta e incluso ropa, zapatos y medicamentos.<\/p>\n\n\n\n<p>Por \u00faltimo, Collins Coronel recalc\u00f3 que el jueves el Comedor Comunitario se ubicar\u00e1 en el domo del ejido La Esperanza y el viernes 9 de julio, en las instalaciones de la Agencia Municipal del ejido Manuel Almanza, de 13:00 a 15:00 horas.<\/p>\n\n\n\n<p><\/p>\n","protected":false},"excerpt":{"rendered":"<p>Durante todo este mes de julio, el Comedor Comunitario atender\u00e1 la zona rural de Coatzacoalcos para beneficiar a m\u00e1s trabajadores independientes y habitantes en situaci\u00f3n vulnerable, anunci\u00f3 Sandra Collins Coronel, directora de Programas Sociales. El llevar alimentos calientes a quienes m\u00e1s lo necesitan, es una tarea que el Gobierno Municipal se ha echado a cuestas<a class=\"read-more\" href=\"https:\/\/globalnewsmexico.com\/sitio\/atendera-comedor-comunitario-zona-rural-en-todo-julio\/\">Leer m\u00e1s<\/a><\/p>\n","protected":false},"author":5,"featured_media":65792,"comment_status":"closed","ping_status":"open","sticky":false,"template":"","format":"standard","meta":{"spay_email":"","footnotes":""},"categories":[37,8,50,52],"tags":[],"jetpack_featured_media_url":"https:\/\/i1.wp.com\/globalnewsmexico.com\/sitio\/wp-content\/uploads\/2021\/07\/21e95489-e4c6-4213-9145-71ff8d60b248.jpg?fit=1280%2C675&ssl=1","jetpack_sharing_enabled":true,"jetpack_shortlink":"https:\/\/wp.me\/p9yqPL-h79","jetpack_likes_enabled":true,"_links":{"self":[{"href":"https:\/\/globalnewsmexico.com\/sitio\/wp-json\/wp\/v2\/posts\/65791"}],"collection":[{"href":"https:\/\/globalnewsmexico.com\/sitio\/wp-json\/wp\/v2\/posts"}],"about":[{"href":"https:\/\/globalnewsmexico.com\/sitio\/wp-json\/wp\/v2\/types\/post"}],"author":[{"embeddable":true,"href":"https:\/\/globalnewsmexico.com\/sitio\/wp-json\/wp\/v2\/users\/5"}],"replies":[{"embeddable":true,"href":"https:\/\/globalnewsmexico.com\/sitio\/wp-json\/wp\/v2\/comments?post=65791"}],"version-history":[{"count":0,"href":"https:\/\/globalnewsmexico.com\/sitio\/wp-json\/wp\/v2\/posts\/65791\/revisions"}],"wp:featuredmedia":[{"embeddable":true,"href":"https:\/\/globalnewsmexico.com\/sitio\/wp-json\/wp\/v2\/media\/65792"}],"wp:attachment":[{"href":"https:\/\/globalnewsmexico.com\/sitio\/wp-json\/wp\/v2\/media?parent=65791"}],"wp:term":[{"taxonomy":"category","embeddable":true,"href":"https:\/\/globalnewsmexico.com\/sitio\/wp-json\/wp\/v2\/categories?post=65791"},{"taxonomy":"post_tag","embeddable":true,"href":"https:\/\/globalnewsmexico.com\/sitio\/wp-json\/wp\/v2\/tags?post=65791"}],"curies":[{"name":"wp","href":"https:\/\/api.w.org\/{rel}","templated":true}]}}