{"id":65818,"date":"2021-07-11T22:20:11","date_gmt":"2021-07-12T03:20:11","guid":{"rendered":"http:\/\/globalnewsmexico.com\/sitio\/?p=65818"},"modified":"2021-07-11T22:20:14","modified_gmt":"2021-07-12T03:20:14","slug":"exhorta-pc-extremar-precauciones-ante-covid-19-durante-vacaciones","status":"publish","type":"post","link":"https:\/\/globalnewsmexico.com\/sitio\/exhorta-pc-extremar-precauciones-ante-covid-19-durante-vacaciones\/","title":{"rendered":"Exhorta PC extremar precauciones ante Covid-19 durante vacaciones"},"content":{"rendered":"\n<p>El titular de la Unidad de Protecci\u00f3n Civil, David Esponda Cruz, exhort\u00f3 a los j\u00f3venes porte\u00f1os a que en estas vacaciones eviten acudir a los sitios p\u00fablicos, principalmente al malec\u00f3n costero, para evitar el contagio de Covid-19, ya que esta Tercera Ola de la pandemia es muy peligrosa, sobre todo en los ciudadanos que todav\u00eda no han sido vacunados.<\/p>\n\n\n\n<p>\u201cEl gobernador del Estado emiti\u00f3 el segundo decreto para evitar que la pandemia siga creciendo en nuestro estado y es nuestro deber como sociedad cooperar cumpliendo con las medidas sanitarias, el uso correcto del cubrebocas, el lavado de manos, el uso de gel antibacterial y, sobre todo, respetando la sana distancia. Si uno se cuida, cuida a los dem\u00e1s\u201d, subray\u00f3 Esponda Cruz.<\/p>\n\n\n\n<p>El titular de Protecci\u00f3n Civil, recalc\u00f3 que como autoridad municipal, el Ayuntamiento sigue realizando las inspecciones a los comercios para que cumplan con los protocolos sanitarios; no obstante, no se debe bajar la guardia en nuestro hogares y en los sitios a los que acostumbramos acudir.<\/p>\n\n\n\n<p>Agreg\u00f3 que hasta que no se decrete el sem\u00e1foro amarillo, no se podr\u00e1 acudir a los sitios de esparcimiento, donde es costumbre que la gente acuda en grandes cantidades y que es necesario tener la conciencia que todav\u00eda falta un gran sector poblacional para ser vacunados, por lo que es necesario seguir cuid\u00e1ndose.<\/p>\n\n\n\n<p>\u201cNo hagamos olas, es importante tomar conciencia que el peligro contin\u00faa latente, que debemos seguir cuid\u00e1ndonos y no bajar la guardia. Es por nuestro bien y el de nuestra familia\u201d, finaliz\u00f3.<\/p>\n\n\n\n<p><\/p>\n","protected":false},"excerpt":{"rendered":"<p>El titular de la Unidad de Protecci\u00f3n Civil, David Esponda Cruz, exhort\u00f3 a los j\u00f3venes porte\u00f1os a que en estas vacaciones eviten acudir a los sitios p\u00fablicos, principalmente al malec\u00f3n costero, para evitar el contagio de Covid-19, ya que esta Tercera Ola de la pandemia es muy peligrosa, sobre todo en los ciudadanos que todav\u00eda<a class=\"read-more\" href=\"https:\/\/globalnewsmexico.com\/sitio\/exhorta-pc-extremar-precauciones-ante-covid-19-durante-vacaciones\/\">Leer m\u00e1s<\/a><\/p>\n","protected":false},"author":5,"featured_media":65820,"comment_status":"closed","ping_status":"open","sticky":false,"template":"","format":"standard","meta":{"spay_email":"","footnotes":""},"categories":[37,8,50,52],"tags":[],"jetpack_featured_media_url":"https:\/\/i1.wp.com\/globalnewsmexico.com\/sitio\/wp-content\/uploads\/2021\/07\/dffe1bcd-ad9f-4e72-bd03-28c90bc881a7.jpg?fit=1280%2C854&ssl=1","jetpack_sharing_enabled":true,"jetpack_shortlink":"https:\/\/wp.me\/p9yqPL-h7A","jetpack_likes_enabled":true,"_links":{"self":[{"href":"https:\/\/globalnewsmexico.com\/sitio\/wp-json\/wp\/v2\/posts\/65818"}],"collection":[{"href":"https:\/\/globalnewsmexico.com\/sitio\/wp-json\/wp\/v2\/posts"}],"about":[{"href":"https:\/\/globalnewsmexico.com\/sitio\/wp-json\/wp\/v2\/types\/post"}],"author":[{"embeddable":true,"href":"https:\/\/globalnewsmexico.com\/sitio\/wp-json\/wp\/v2\/users\/5"}],"replies":[{"embeddable":true,"href":"https:\/\/globalnewsmexico.com\/sitio\/wp-json\/wp\/v2\/comments?post=65818"}],"version-history":[{"count":0,"href":"https:\/\/globalnewsmexico.com\/sitio\/wp-json\/wp\/v2\/posts\/65818\/revisions"}],"wp:featuredmedia":[{"embeddable":true,"href":"https:\/\/globalnewsmexico.com\/sitio\/wp-json\/wp\/v2\/media\/65820"}],"wp:attachment":[{"href":"https:\/\/globalnewsmexico.com\/sitio\/wp-json\/wp\/v2\/media?parent=65818"}],"wp:term":[{"taxonomy":"category","embeddable":true,"href":"https:\/\/globalnewsmexico.com\/sitio\/wp-json\/wp\/v2\/categories?post=65818"},{"taxonomy":"post_tag","embeddable":true,"href":"https:\/\/globalnewsmexico.com\/sitio\/wp-json\/wp\/v2\/tags?post=65818"}],"curies":[{"name":"wp","href":"https:\/\/api.w.org\/{rel}","templated":true}]}}